{
    "id": 16002,
    "date": "2013-06-17T14:38:27",
    "date_gmt": "2013-06-17T12:38:27",
    "guid": {
        "rendered": "https:\/\/syrivizionit.org\/?p=16002"
    },
    "modified": "2024-06-27T14:39:47",
    "modified_gmt": "2024-06-27T12:39:47",
    "slug": "the-chairpersons-of-the-local-council-of-gurrakoc-are-trained-in-advocacy",
    "status": "publish",
    "type": "post",
    "link": "http:\/\/syriivizionit.org\/en\/the-chairpersons-of-the-local-council-of-gurrakoc-are-trained-in-advocacy\/activity\/",
    "title": {
        "rendered": "The chairpersons of the local council of Gurrakoc are trained in Advocacy"
    },
    "content": {
        "rendered": "<div dir=\"auto\">\n<p>The chairpersons of the local council of Gurrakoc are trained in Advocacy<\/p>\n<p>Istog-June 15- The non-governmental organization &#8220;Syri i Vizioni&#8221; continues to increase the capacities of the village heads of the local council of Gurrakoc by offering them professional training in the field of Advocacy, so that they have knowledge of how to advocate to the institutions in the solution of the problems they face.<\/p>\n<p>The heads of the villages that make up the local council of Gurrakoc: Tomoc, Llukavc i That\u00eb, Kovrag\u00eb and Gurrakoc have expressed many dissatisfactions that no investment is being made in the field of agriculture, especially in the irrigation system of agricultural lands, despite the requests and projects that they have addressed to municipal and central institutions. During the training, they have learned how to advocate for their projects or the problems they face. In the additional training, they will learn to draft project proposals, so that they have the opportunity to write project proposals for institutions or donors.<\/p>\n<p>These activities are part of the &#8220;Active Citizenship&#8221; project that the Eye of Vision organization has been implementing for two years in the municipalities of the region of Peja and Prizren and is supported by Olof Plame Center International and SIDA.<\/p>\n<\/div>\n<div dir=\"auto\">\n<p>________________<\/p>\n<\/div>",
        "protected": false
    },
    "excerpt": {
        "rendered": "<p>The chairpersons of the local council of Gurrakoc are trained in Advocacy Istog-June 15- The non-governmental organization &#8220;Syri i Vizioni&#8221; continues to increase the capacities of the village heads of [&hellip;]<\/p>",
        "protected": false
    },
    "author": 1,
    "featured_media": 16003,
    "comment_status": "closed",
    "ping_status": "closed",
    "sticky": false,
    "template": "",
    "format": "standard",
    "meta": {
        "_acf_changed": false,
        "footnotes": ""
    },
    "categories": [
        155
    ],
    "tags": [],
    "class_list": [
        "post-16002",
        "post",
        "type-post",
        "status-publish",
        "format-standard",
        "has-post-thumbnail",
        "hentry",
        "category-activity"
    ],
    "acf": {
        "photo_gallery": {
            "gallery": [
                [
                    {
                        "id": 16003,
                        "title": "Trajnohen kryetar\u00ebt e k\u00ebshillit lokal t\u00eb Gurrakocit n\u00eb Avokim",
                        "caption": "",
                        "full_image_url": "https:\/\/syriivizionit.org\/wp-content\/uploads\/2024\/06\/Trajnohen-kryetaret-e-keshillit-lokal-te-Gurrakocit-ne-Avokim.jpg",
                        "thumbnail_image_url": "https:\/\/syriivizionit.org\/wp-content\/uploads\/2024\/06\/Trajnohen-kryetaret-e-keshillit-lokal-te-Gurrakocit-ne-Avokim-150x150.jpg",
                        "large_srcset": "https:\/\/syriivizionit.org\/wp-content\/uploads\/2024\/06\/Trajnohen-kryetaret-e-keshillit-lokal-te-Gurrakocit-ne-Avokim.jpg 670w, https:\/\/syriivizionit.org\/wp-content\/uploads\/2024\/06\/Trajnohen-kryetaret-e-keshillit-lokal-te-Gurrakocit-ne-Avokim-300x116.jpg 300w, https:\/\/syriivizionit.org\/wp-content\/uploads\/2024\/06\/Trajnohen-kryetaret-e-keshillit-lokal-te-Gurrakocit-ne-Avokim-18x7.jpg 18w",
                        "medium_srcset": "https:\/\/syriivizionit.org\/wp-content\/uploads\/2024\/06\/Trajnohen-kryetaret-e-keshillit-lokal-te-Gurrakocit-ne-Avokim-300x116.jpg 300w, https:\/\/syriivizionit.org\/wp-content\/uploads\/2024\/06\/Trajnohen-kryetaret-e-keshillit-lokal-te-Gurrakocit-ne-Avokim-18x7.jpg 18w, https:\/\/syriivizionit.org\/wp-content\/uploads\/2024\/06\/Trajnohen-kryetaret-e-keshillit-lokal-te-Gurrakocit-ne-Avokim.jpg 670w",
                        "media_details": {
                            "width": 670,
                            "height": 260,
                            "sizes": {
                                "medium": {
                                    "file": "Trajnohen-kryetaret-e-keshillit-lokal-te-Gurrakocit-ne-Avokim-300x116.jpg",
                                    "width": 300,
                                    "height": 116,
                                    "mime-type": "image\/jpeg",
                                    "filesize": 9599,
                                    "source_url": "https:\/\/syriivizionit.org\/wp-content\/uploads\/2024\/06\/Trajnohen-kryetaret-e-keshillit-lokal-te-Gurrakocit-ne-Avokim-300x116.jpg"
                                },
                                "thumbnail": {
                                    "file": "Trajnohen-kryetaret-e-keshillit-lokal-te-Gurrakocit-ne-Avokim-150x150.jpg",
                                    "width": 150,
                                    "height": 150,
                                    "mime-type": "image\/jpeg",
                                    "filesize": 5552,
                                    "source_url": "https:\/\/syriivizionit.org\/wp-content\/uploads\/2024\/06\/Trajnohen-kryetaret-e-keshillit-lokal-te-Gurrakocit-ne-Avokim-150x150.jpg"
                                },
                                "trp-custom-language-flag": {
                                    "file": "Trajnohen-kryetaret-e-keshillit-lokal-te-Gurrakocit-ne-Avokim-18x7.jpg",
                                    "width": 18,
                                    "height": 7,
                                    "mime-type": "image\/jpeg",
                                    "filesize": 464,
                                    "source_url": "https:\/\/syriivizionit.org\/wp-content\/uploads\/2024\/06\/Trajnohen-kryetaret-e-keshillit-lokal-te-Gurrakocit-ne-Avokim-18x7.jpg"
                                },
                                "risehand-blog-image-570-570": {
                                    "file": "Trajnohen-kryetaret-e-keshillit-lokal-te-Gurrakocit-ne-Avokim-570x260.jpg",
                                    "width": 570,
                                    "height": 260,
                                    "mime-type": "image\/jpeg",
                                    "filesize": 29309,
                                    "source_url": "https:\/\/syriivizionit.org\/wp-content\/uploads\/2024\/06\/Trajnohen-kryetaret-e-keshillit-lokal-te-Gurrakocit-ne-Avokim-570x260.jpg"
                                },
                                "risehand-image-grid-400-425": {
                                    "file": "Trajnohen-kryetaret-e-keshillit-lokal-te-Gurrakocit-ne-Avokim-400x260.jpg",
                                    "width": 400,
                                    "height": 260,
                                    "mime-type": "image\/jpeg",
                                    "filesize": 20066,
                                    "source_url": "https:\/\/syriivizionit.org\/wp-content\/uploads\/2024\/06\/Trajnohen-kryetaret-e-keshillit-lokal-te-Gurrakocit-ne-Avokim-400x260.jpg"
                                },
                                "risehand-image-370-270": {
                                    "file": "Trajnohen-kryetaret-e-keshillit-lokal-te-Gurrakocit-ne-Avokim-370x260.jpg",
                                    "width": 370,
                                    "height": 260,
                                    "mime-type": "image\/jpeg",
                                    "filesize": 19191,
                                    "source_url": "https:\/\/syriivizionit.org\/wp-content\/uploads\/2024\/06\/Trajnohen-kryetaret-e-keshillit-lokal-te-Gurrakocit-ne-Avokim-370x260.jpg"
                                },
                                "risehand-image-570-570": {
                                    "file": "Trajnohen-kryetaret-e-keshillit-lokal-te-Gurrakocit-ne-Avokim-570x260.jpg",
                                    "width": 570,
                                    "height": 260,
                                    "mime-type": "image\/jpeg",
                                    "filesize": 29309,
                                    "source_url": "https:\/\/syriivizionit.org\/wp-content\/uploads\/2024\/06\/Trajnohen-kryetaret-e-keshillit-lokal-te-Gurrakocit-ne-Avokim-570x260.jpg"
                                },
                                "risehand-image-370-320": {
                                    "file": "Trajnohen-kryetaret-e-keshillit-lokal-te-Gurrakocit-ne-Avokim-370x260.jpg",
                                    "width": 370,
                                    "height": 260,
                                    "mime-type": "image\/jpeg",
                                    "filesize": 19191,
                                    "source_url": "https:\/\/syriivizionit.org\/wp-content\/uploads\/2024\/06\/Trajnohen-kryetaret-e-keshillit-lokal-te-Gurrakocit-ne-Avokim-370x260.jpg"
                                },
                                "risehand-image-500-500": {
                                    "file": "Trajnohen-kryetaret-e-keshillit-lokal-te-Gurrakocit-ne-Avokim-500x260.jpg",
                                    "width": 500,
                                    "height": 260,
                                    "mime-type": "image\/jpeg",
                                    "filesize": 25658,
                                    "source_url": "https:\/\/syriivizionit.org\/wp-content\/uploads\/2024\/06\/Trajnohen-kryetaret-e-keshillit-lokal-te-Gurrakocit-ne-Avokim-500x260.jpg"
                                },
                                "risehand-image-100-100": {
                                    "file": "Trajnohen-kryetaret-e-keshillit-lokal-te-Gurrakocit-ne-Avokim-100x100.jpg",
                                    "width": 100,
                                    "height": 100,
                                    "mime-type": "image\/jpeg",
                                    "filesize": 3291,
                                    "source_url": "https:\/\/syriivizionit.org\/wp-content\/uploads\/2024\/06\/Trajnohen-kryetaret-e-keshillit-lokal-te-Gurrakocit-ne-Avokim-100x100.jpg"
                                }
                            }
                        },
                        "alt_text": "",
                        "url": "",
                        "target": ""
                    }
                ]
            ]
        }
    },
    "_links": {
        "self": [
            {
                "href": "http:\/\/syriivizionit.org\/en\/wp-json\/wp\/v2\/posts\/16002",
                "targetHints": {
                    "allow": [
                        "GET"
                    ]
                }
            }
        ],
        "collection": [
            {
                "href": "http:\/\/syriivizionit.org\/en\/wp-json\/wp\/v2\/posts"
            }
        ],
        "about": [
            {
                "href": "http:\/\/syriivizionit.org\/en\/wp-json\/wp\/v2\/types\/post"
            }
        ],
        "author": [
            {
                "embeddable": true,
                "href": "http:\/\/syriivizionit.org\/en\/wp-json\/wp\/v2\/users\/1"
            }
        ],
        "replies": [
            {
                "embeddable": true,
                "href": "http:\/\/syriivizionit.org\/en\/wp-json\/wp\/v2\/comments?post=16002"
            }
        ],
        "version-history": [
            {
                "count": 1,
                "href": "http:\/\/syriivizionit.org\/en\/wp-json\/wp\/v2\/posts\/16002\/revisions"
            }
        ],
        "predecessor-version": [
            {
                "id": 16004,
                "href": "http:\/\/syriivizionit.org\/en\/wp-json\/wp\/v2\/posts\/16002\/revisions\/16004"
            }
        ],
        "wp:featuredmedia": [
            {
                "embeddable": true,
                "href": "http:\/\/syriivizionit.org\/en\/wp-json\/wp\/v2\/media\/16003"
            }
        ],
        "wp:attachment": [
            {
                "href": "http:\/\/syriivizionit.org\/en\/wp-json\/wp\/v2\/media?parent=16002"
            }
        ],
        "wp:term": [
            {
                "taxonomy": "category",
                "embeddable": true,
                "href": "http:\/\/syriivizionit.org\/en\/wp-json\/wp\/v2\/categories?post=16002"
            },
            {
                "taxonomy": "post_tag",
                "embeddable": true,
                "href": "http:\/\/syriivizionit.org\/en\/wp-json\/wp\/v2\/tags?post=16002"
            }
        ],
        "curies": [
            {
                "name": "wp",
                "href": "https:\/\/api.w.org\/{rel}",
                "templated": true
            }
        ]
    }
}