{
    "id": 16053,
    "date": "2013-02-07T09:57:36",
    "date_gmt": "2013-02-07T07:57:36",
    "guid": {
        "rendered": "https:\/\/syrivizionit.org\/?p=16053"
    },
    "modified": "2024-06-27T15:57:57",
    "modified_gmt": "2024-06-27T13:57:57",
    "slug": "ngo-syri-i-vizioni-meets-the-mayors-of-the-municipalities-of-dukagjin",
    "status": "publish",
    "type": "post",
    "link": "http:\/\/syriivizionit.org\/en\/ngo-syri-i-vizioni-meets-the-mayors-of-the-municipalities-of-dukagjin\/activity\/",
    "title": {
        "rendered": "NGO Syri i Vizioni meets the mayors of the municipalities of Dukagjin"
    },
    "content": {
        "rendered": "<div dir=\"auto\">\n<p>NGO Syri i Vizioni meets the mayors of the municipalities of Dukagjin<\/p>\n<p>The NGO Syri i Vizioni continues this year in the empowerment of active citizenship, focusing more on the implementation of existing laws and regulations aimed at empowering and involving citizens in decision-making.<br \/>\nFrom the special meetings held with the mayors, vice-presidents, legal officers and administration directorates in the municipalities of Pej\u00eb, De\u00e7an, Istog, Rahovec and Klin\u00eb, it was discussed the implementation of municipal regulations aimed at increasing cooperation between institutions and local councils in rural areas. and urban.<br \/>\nIn these meetings, the mayors of the municipalities and other municipal officials have been requested that the Eye of Vision help them, in compiling or harmonizing the regulations as well as their implementation in practice. According to them, the support of the NGO Syri i Vizioni will help institutions and citizens to have a much better connection and cooperation than until now.<br \/>\nAlso, they have expressed their support and the institutions that represent that the program for strengthening Active Citizenship that is being implemented by Syri i Vizioni will have strong support.<\/p>\n<\/div>\n<div dir=\"auto\">\n<p>________________<\/p>\n<\/div>",
        "protected": false
    },
    "excerpt": {
        "rendered": "<p>NGO Syri i Vizioni meets the mayors of the municipalities of Dukagjin The NGO Syri i Vizioni continues this year in the empowerment of active citizenship, focusing more on the [&hellip;]<\/p>",
        "protected": false
    },
    "author": 1,
    "featured_media": 16054,
    "comment_status": "closed",
    "ping_status": "closed",
    "sticky": false,
    "template": "",
    "format": "standard",
    "meta": {
        "_acf_changed": false,
        "footnotes": ""
    },
    "categories": [
        155
    ],
    "tags": [],
    "class_list": [
        "post-16053",
        "post",
        "type-post",
        "status-publish",
        "format-standard",
        "has-post-thumbnail",
        "hentry",
        "category-activity"
    ],
    "acf": {
        "photo_gallery": {
            "gallery": [
                [
                    {
                        "id": 16054,
                        "title": "OJQ Syri i Vizionit takon kryetar\u00ebt e komunave t\u00eb Dukagjinit",
                        "caption": "",
                        "full_image_url": "https:\/\/syriivizionit.org\/wp-content\/uploads\/2024\/06\/OJQ-Syri-i-Vizionit-takon-kryetaret-e-komunave-te-Dukagjinit.jpg",
                        "thumbnail_image_url": "https:\/\/syriivizionit.org\/wp-content\/uploads\/2024\/06\/OJQ-Syri-i-Vizionit-takon-kryetaret-e-komunave-te-Dukagjinit-150x150.jpg",
                        "large_srcset": "https:\/\/syriivizionit.org\/wp-content\/uploads\/2024\/06\/OJQ-Syri-i-Vizionit-takon-kryetaret-e-komunave-te-Dukagjinit.jpg 683w, https:\/\/syriivizionit.org\/wp-content\/uploads\/2024\/06\/OJQ-Syri-i-Vizionit-takon-kryetaret-e-komunave-te-Dukagjinit-200x300.jpg 200w, https:\/\/syriivizionit.org\/wp-content\/uploads\/2024\/06\/OJQ-Syri-i-Vizionit-takon-kryetaret-e-komunave-te-Dukagjinit-8x12.jpg 8w",
                        "medium_srcset": "https:\/\/syriivizionit.org\/wp-content\/uploads\/2024\/06\/OJQ-Syri-i-Vizionit-takon-kryetaret-e-komunave-te-Dukagjinit-200x300.jpg 200w, https:\/\/syriivizionit.org\/wp-content\/uploads\/2024\/06\/OJQ-Syri-i-Vizionit-takon-kryetaret-e-komunave-te-Dukagjinit-8x12.jpg 8w, https:\/\/syriivizionit.org\/wp-content\/uploads\/2024\/06\/OJQ-Syri-i-Vizionit-takon-kryetaret-e-komunave-te-Dukagjinit.jpg 683w",
                        "media_details": {
                            "width": 683,
                            "height": 1024,
                            "sizes": {
                                "medium": {
                                    "file": "OJQ-Syri-i-Vizionit-takon-kryetaret-e-komunave-te-Dukagjinit-200x300.jpg",
                                    "width": 200,
                                    "height": 300,
                                    "mime-type": "image\/jpeg",
                                    "filesize": 28728,
                                    "source_url": "https:\/\/syriivizionit.org\/wp-content\/uploads\/2024\/06\/OJQ-Syri-i-Vizionit-takon-kryetaret-e-komunave-te-Dukagjinit-200x300.jpg"
                                },
                                "thumbnail": {
                                    "file": "OJQ-Syri-i-Vizionit-takon-kryetaret-e-komunave-te-Dukagjinit-150x150.jpg",
                                    "width": 150,
                                    "height": 150,
                                    "mime-type": "image\/jpeg",
                                    "filesize": 22194,
                                    "source_url": "https:\/\/syriivizionit.org\/wp-content\/uploads\/2024\/06\/OJQ-Syri-i-Vizionit-takon-kryetaret-e-komunave-te-Dukagjinit-150x150.jpg"
                                },
                                "trp-custom-language-flag": {
                                    "file": "OJQ-Syri-i-Vizionit-takon-kryetaret-e-komunave-te-Dukagjinit-8x12.jpg",
                                    "width": 8,
                                    "height": 12,
                                    "mime-type": "image\/jpeg",
                                    "filesize": 16661,
                                    "source_url": "https:\/\/syriivizionit.org\/wp-content\/uploads\/2024\/06\/OJQ-Syri-i-Vizionit-takon-kryetaret-e-komunave-te-Dukagjinit-8x12.jpg"
                                },
                                "risehand-blog-image-570-570": {
                                    "file": "OJQ-Syri-i-Vizionit-takon-kryetaret-e-komunave-te-Dukagjinit-570x570.jpg",
                                    "width": 570,
                                    "height": 570,
                                    "mime-type": "image\/jpeg",
                                    "filesize": 59338,
                                    "source_url": "https:\/\/syriivizionit.org\/wp-content\/uploads\/2024\/06\/OJQ-Syri-i-Vizionit-takon-kryetaret-e-komunave-te-Dukagjinit-570x570.jpg"
                                },
                                "risehand-image-grid-400-425": {
                                    "file": "OJQ-Syri-i-Vizionit-takon-kryetaret-e-komunave-te-Dukagjinit-400x425.jpg",
                                    "width": 400,
                                    "height": 425,
                                    "mime-type": "image\/jpeg",
                                    "filesize": 42728,
                                    "source_url": "https:\/\/syriivizionit.org\/wp-content\/uploads\/2024\/06\/OJQ-Syri-i-Vizionit-takon-kryetaret-e-komunave-te-Dukagjinit-400x425.jpg"
                                },
                                "risehand-image-370-270": {
                                    "file": "OJQ-Syri-i-Vizionit-takon-kryetaret-e-komunave-te-Dukagjinit-370x270.jpg",
                                    "width": 370,
                                    "height": 270,
                                    "mime-type": "image\/jpeg",
                                    "filesize": 32972,
                                    "source_url": "https:\/\/syriivizionit.org\/wp-content\/uploads\/2024\/06\/OJQ-Syri-i-Vizionit-takon-kryetaret-e-komunave-te-Dukagjinit-370x270.jpg"
                                },
                                "risehand-image-570-570": {
                                    "file": "OJQ-Syri-i-Vizionit-takon-kryetaret-e-komunave-te-Dukagjinit-570x570.jpg",
                                    "width": 570,
                                    "height": 570,
                                    "mime-type": "image\/jpeg",
                                    "filesize": 59338,
                                    "source_url": "https:\/\/syriivizionit.org\/wp-content\/uploads\/2024\/06\/OJQ-Syri-i-Vizionit-takon-kryetaret-e-komunave-te-Dukagjinit-570x570.jpg"
                                },
                                "risehand-image-370-320": {
                                    "file": "OJQ-Syri-i-Vizionit-takon-kryetaret-e-komunave-te-Dukagjinit-370x320.jpg",
                                    "width": 370,
                                    "height": 320,
                                    "mime-type": "image\/jpeg",
                                    "filesize": 35730,
                                    "source_url": "https:\/\/syriivizionit.org\/wp-content\/uploads\/2024\/06\/OJQ-Syri-i-Vizionit-takon-kryetaret-e-komunave-te-Dukagjinit-370x320.jpg"
                                },
                                "risehand-image-500-500": {
                                    "file": "OJQ-Syri-i-Vizionit-takon-kryetaret-e-komunave-te-Dukagjinit-500x500.jpg",
                                    "width": 500,
                                    "height": 500,
                                    "mime-type": "image\/jpeg",
                                    "filesize": 51809,
                                    "source_url": "https:\/\/syriivizionit.org\/wp-content\/uploads\/2024\/06\/OJQ-Syri-i-Vizionit-takon-kryetaret-e-komunave-te-Dukagjinit-500x500.jpg"
                                },
                                "risehand-image-100-100": {
                                    "file": "OJQ-Syri-i-Vizionit-takon-kryetaret-e-komunave-te-Dukagjinit-100x100.jpg",
                                    "width": 100,
                                    "height": 100,
                                    "mime-type": "image\/jpeg",
                                    "filesize": 19655,
                                    "source_url": "https:\/\/syriivizionit.org\/wp-content\/uploads\/2024\/06\/OJQ-Syri-i-Vizionit-takon-kryetaret-e-komunave-te-Dukagjinit-100x100.jpg"
                                }
                            }
                        },
                        "alt_text": "",
                        "url": "",
                        "target": ""
                    }
                ]
            ]
        }
    },
    "_links": {
        "self": [
            {
                "href": "http:\/\/syriivizionit.org\/en\/wp-json\/wp\/v2\/posts\/16053",
                "targetHints": {
                    "allow": [
                        "GET"
                    ]
                }
            }
        ],
        "collection": [
            {
                "href": "http:\/\/syriivizionit.org\/en\/wp-json\/wp\/v2\/posts"
            }
        ],
        "about": [
            {
                "href": "http:\/\/syriivizionit.org\/en\/wp-json\/wp\/v2\/types\/post"
            }
        ],
        "author": [
            {
                "embeddable": true,
                "href": "http:\/\/syriivizionit.org\/en\/wp-json\/wp\/v2\/users\/1"
            }
        ],
        "replies": [
            {
                "embeddable": true,
                "href": "http:\/\/syriivizionit.org\/en\/wp-json\/wp\/v2\/comments?post=16053"
            }
        ],
        "version-history": [
            {
                "count": 1,
                "href": "http:\/\/syriivizionit.org\/en\/wp-json\/wp\/v2\/posts\/16053\/revisions"
            }
        ],
        "predecessor-version": [
            {
                "id": 16055,
                "href": "http:\/\/syriivizionit.org\/en\/wp-json\/wp\/v2\/posts\/16053\/revisions\/16055"
            }
        ],
        "wp:featuredmedia": [
            {
                "embeddable": true,
                "href": "http:\/\/syriivizionit.org\/en\/wp-json\/wp\/v2\/media\/16054"
            }
        ],
        "wp:attachment": [
            {
                "href": "http:\/\/syriivizionit.org\/en\/wp-json\/wp\/v2\/media?parent=16053"
            }
        ],
        "wp:term": [
            {
                "taxonomy": "category",
                "embeddable": true,
                "href": "http:\/\/syriivizionit.org\/en\/wp-json\/wp\/v2\/categories?post=16053"
            },
            {
                "taxonomy": "post_tag",
                "embeddable": true,
                "href": "http:\/\/syriivizionit.org\/en\/wp-json\/wp\/v2\/tags?post=16053"
            }
        ],
        "curies": [
            {
                "name": "wp",
                "href": "https:\/\/api.w.org\/{rel}",
                "templated": true
            }
        ]
    }
}