{
    "id": 16066,
    "date": "2012-12-05T16:09:40",
    "date_gmt": "2012-12-05T14:09:40",
    "guid": {
        "rendered": "https:\/\/syrivizionit.org\/?p=16066"
    },
    "modified": "2024-06-27T16:09:57",
    "modified_gmt": "2024-06-27T14:09:57",
    "slug": "training-for-the-protection-of-children-from-bullying-at-the-ramiz-sadiku-school-in-peja",
    "status": "publish",
    "type": "post",
    "link": "http:\/\/syriivizionit.org\/en\/training-for-the-protection-of-children-from-bullying-at-the-ramiz-sadiku-school-in-peja\/activity\/",
    "title": {
        "rendered": "Training for the protection of children from bullying, at the &#8220;Ramiz Sadiku&#8221; school in Peja"
    },
    "content": {
        "rendered": "<div dir=\"auto\">\n<p>Training on bullying and protecting children from it is held with the students of the &#8220;Ramiz Sadiku&#8221; primary school in Peja<\/p>\n<p>Pej\u00eb, December 05- The next training was held with the leadership of students of classes VI, VII, VIII and IX of the primary school &#8220;Ramiz Sadiku&#8221; in Pej\u00eb. In this training, the students have learned more about the different forms of harassment that affect the normal development of children, either from their teachers, friends or family members, causing them psychological, emotional or even physical violence. . Also in this training, students have shared their different experiences either at school, outside school and in the family, showing that many times they have been a direct or indirect part of the bullying that was done to them or their classmates, from the side of the teachers, the students themselves but sometimes also of their families.<br \/>\nAlso, the students have been informed about the existing mechanisms either inside the school or outside the school where they will be able to present the cases of harassment that are done to them or their friends during their stay at the school or even outside the school.<br \/>\nThis training is part of the various activities that the non-governmental organization &#8220;Syri i Vizioni&#8221; supported by Save the Children International is carrying out the program for the prevention of violence and the protection of children&#8217;s rights in primary schools. The project is being carried out in Ramiz Sadiku Primary School and League of Prizren in Pej\u00eb, as well as in Mustafa Bakija and Emin Duraku Primary Schools in Gjakov\u00eb. In addition to training in various fields with students, a school code of conduct has also been drawn up. At the end of the program, schools will be supported with a symbolic grant aimed at improving the freedoms and rights of children in these schools.<\/p>\n<\/div>\n<div dir=\"auto\">\n<p>________________<\/p>\n<\/div>",
        "protected": false
    },
    "excerpt": {
        "rendered": "<p>Training on bullying and protecting children from it is held with the students of the &#8220;Ramiz Sadiku&#8221; primary school in Peja Pej\u00eb, December 05- The next training was held with [&hellip;]<\/p>",
        "protected": false
    },
    "author": 1,
    "featured_media": 16067,
    "comment_status": "closed",
    "ping_status": "closed",
    "sticky": false,
    "template": "",
    "format": "standard",
    "meta": {
        "_acf_changed": false,
        "footnotes": ""
    },
    "categories": [
        155
    ],
    "tags": [],
    "class_list": [
        "post-16066",
        "post",
        "type-post",
        "status-publish",
        "format-standard",
        "has-post-thumbnail",
        "hentry",
        "category-activity"
    ],
    "acf": {
        "photo_gallery": {
            "gallery": [
                [
                    {
                        "id": 16067,
                        "title": "Trajnimi p\u00ebr mbrojtjen e f\u00ebmij\u00ebve nga ngacmimet, n\u00eb shkoll\u00eb \u201cRamiz Sadiku\u201d n\u00eb Pej\u00eb",
                        "caption": "",
                        "full_image_url": "https:\/\/syriivizionit.org\/wp-content\/uploads\/2024\/06\/Trajnimi-per-mbrojtjen-e-femijeve-nga-ngacmimet-ne-shkolle-Ramiz-Sadiku-ne-Peje.jpg",
                        "thumbnail_image_url": "https:\/\/syriivizionit.org\/wp-content\/uploads\/2024\/06\/Trajnimi-per-mbrojtjen-e-femijeve-nga-ngacmimet-ne-shkolle-Ramiz-Sadiku-ne-Peje-150x150.jpg",
                        "large_srcset": "https:\/\/syriivizionit.org\/wp-content\/uploads\/2024\/06\/Trajnimi-per-mbrojtjen-e-femijeve-nga-ngacmimet-ne-shkolle-Ramiz-Sadiku-ne-Peje.jpg 1024w, https:\/\/syriivizionit.org\/wp-content\/uploads\/2024\/06\/Trajnimi-per-mbrojtjen-e-femijeve-nga-ngacmimet-ne-shkolle-Ramiz-Sadiku-ne-Peje-300x200.jpg 300w, https:\/\/syriivizionit.org\/wp-content\/uploads\/2024\/06\/Trajnimi-per-mbrojtjen-e-femijeve-nga-ngacmimet-ne-shkolle-Ramiz-Sadiku-ne-Peje-768x512.jpg 768w, https:\/\/syriivizionit.org\/wp-content\/uploads\/2024\/06\/Trajnimi-per-mbrojtjen-e-femijeve-nga-ngacmimet-ne-shkolle-Ramiz-Sadiku-ne-Peje-18x12.jpg 18w",
                        "medium_srcset": "https:\/\/syriivizionit.org\/wp-content\/uploads\/2024\/06\/Trajnimi-per-mbrojtjen-e-femijeve-nga-ngacmimet-ne-shkolle-Ramiz-Sadiku-ne-Peje-300x200.jpg 300w, https:\/\/syriivizionit.org\/wp-content\/uploads\/2024\/06\/Trajnimi-per-mbrojtjen-e-femijeve-nga-ngacmimet-ne-shkolle-Ramiz-Sadiku-ne-Peje-768x512.jpg 768w, https:\/\/syriivizionit.org\/wp-content\/uploads\/2024\/06\/Trajnimi-per-mbrojtjen-e-femijeve-nga-ngacmimet-ne-shkolle-Ramiz-Sadiku-ne-Peje-18x12.jpg 18w, https:\/\/syriivizionit.org\/wp-content\/uploads\/2024\/06\/Trajnimi-per-mbrojtjen-e-femijeve-nga-ngacmimet-ne-shkolle-Ramiz-Sadiku-ne-Peje.jpg 1024w",
                        "media_details": {
                            "width": 1024,
                            "height": 683,
                            "sizes": {
                                "medium": {
                                    "file": "Trajnimi-per-mbrojtjen-e-femijeve-nga-ngacmimet-ne-shkolle-Ramiz-Sadiku-ne-Peje-300x200.jpg",
                                    "width": 300,
                                    "height": 200,
                                    "mime-type": "image\/jpeg",
                                    "filesize": 23878,
                                    "source_url": "https:\/\/syriivizionit.org\/wp-content\/uploads\/2024\/06\/Trajnimi-per-mbrojtjen-e-femijeve-nga-ngacmimet-ne-shkolle-Ramiz-Sadiku-ne-Peje-300x200.jpg"
                                },
                                "thumbnail": {
                                    "file": "Trajnimi-per-mbrojtjen-e-femijeve-nga-ngacmimet-ne-shkolle-Ramiz-Sadiku-ne-Peje-150x150.jpg",
                                    "width": 150,
                                    "height": 150,
                                    "mime-type": "image\/jpeg",
                                    "filesize": 15472,
                                    "source_url": "https:\/\/syriivizionit.org\/wp-content\/uploads\/2024\/06\/Trajnimi-per-mbrojtjen-e-femijeve-nga-ngacmimet-ne-shkolle-Ramiz-Sadiku-ne-Peje-150x150.jpg"
                                },
                                "medium_large": {
                                    "file": "Trajnimi-per-mbrojtjen-e-femijeve-nga-ngacmimet-ne-shkolle-Ramiz-Sadiku-ne-Peje-768x512.jpg",
                                    "width": 768,
                                    "height": 512,
                                    "mime-type": "image\/jpeg",
                                    "filesize": 71629,
                                    "source_url": "https:\/\/syriivizionit.org\/wp-content\/uploads\/2024\/06\/Trajnimi-per-mbrojtjen-e-femijeve-nga-ngacmimet-ne-shkolle-Ramiz-Sadiku-ne-Peje-768x512.jpg"
                                },
                                "trp-custom-language-flag": {
                                    "file": "Trajnimi-per-mbrojtjen-e-femijeve-nga-ngacmimet-ne-shkolle-Ramiz-Sadiku-ne-Peje-18x12.jpg",
                                    "width": 18,
                                    "height": 12,
                                    "mime-type": "image\/jpeg",
                                    "filesize": 9204,
                                    "source_url": "https:\/\/syriivizionit.org\/wp-content\/uploads\/2024\/06\/Trajnimi-per-mbrojtjen-e-femijeve-nga-ngacmimet-ne-shkolle-Ramiz-Sadiku-ne-Peje-18x12.jpg"
                                },
                                "risehand-blog-image-570-570": {
                                    "file": "Trajnimi-per-mbrojtjen-e-femijeve-nga-ngacmimet-ne-shkolle-Ramiz-Sadiku-ne-Peje-570x570.jpg",
                                    "width": 570,
                                    "height": 570,
                                    "mime-type": "image\/jpeg",
                                    "filesize": 59432,
                                    "source_url": "https:\/\/syriivizionit.org\/wp-content\/uploads\/2024\/06\/Trajnimi-per-mbrojtjen-e-femijeve-nga-ngacmimet-ne-shkolle-Ramiz-Sadiku-ne-Peje-570x570.jpg"
                                },
                                "risehand-image-grid-400-425": {
                                    "file": "Trajnimi-per-mbrojtjen-e-femijeve-nga-ngacmimet-ne-shkolle-Ramiz-Sadiku-ne-Peje-400x425.jpg",
                                    "width": 400,
                                    "height": 425,
                                    "mime-type": "image\/jpeg",
                                    "filesize": 39438,
                                    "source_url": "https:\/\/syriivizionit.org\/wp-content\/uploads\/2024\/06\/Trajnimi-per-mbrojtjen-e-femijeve-nga-ngacmimet-ne-shkolle-Ramiz-Sadiku-ne-Peje-400x425.jpg"
                                },
                                "risehand-image-370-270": {
                                    "file": "Trajnimi-per-mbrojtjen-e-femijeve-nga-ngacmimet-ne-shkolle-Ramiz-Sadiku-ne-Peje-370x270.jpg",
                                    "width": 370,
                                    "height": 270,
                                    "mime-type": "image\/jpeg",
                                    "filesize": 30843,
                                    "source_url": "https:\/\/syriivizionit.org\/wp-content\/uploads\/2024\/06\/Trajnimi-per-mbrojtjen-e-femijeve-nga-ngacmimet-ne-shkolle-Ramiz-Sadiku-ne-Peje-370x270.jpg"
                                },
                                "risehand-image-570-570": {
                                    "file": "Trajnimi-per-mbrojtjen-e-femijeve-nga-ngacmimet-ne-shkolle-Ramiz-Sadiku-ne-Peje-570x570.jpg",
                                    "width": 570,
                                    "height": 570,
                                    "mime-type": "image\/jpeg",
                                    "filesize": 59432,
                                    "source_url": "https:\/\/syriivizionit.org\/wp-content\/uploads\/2024\/06\/Trajnimi-per-mbrojtjen-e-femijeve-nga-ngacmimet-ne-shkolle-Ramiz-Sadiku-ne-Peje-570x570.jpg"
                                },
                                "risehand-image-370-320": {
                                    "file": "Trajnimi-per-mbrojtjen-e-femijeve-nga-ngacmimet-ne-shkolle-Ramiz-Sadiku-ne-Peje-370x320.jpg",
                                    "width": 370,
                                    "height": 320,
                                    "mime-type": "image\/jpeg",
                                    "filesize": 33334,
                                    "source_url": "https:\/\/syriivizionit.org\/wp-content\/uploads\/2024\/06\/Trajnimi-per-mbrojtjen-e-femijeve-nga-ngacmimet-ne-shkolle-Ramiz-Sadiku-ne-Peje-370x320.jpg"
                                },
                                "risehand-image-500-500": {
                                    "file": "Trajnimi-per-mbrojtjen-e-femijeve-nga-ngacmimet-ne-shkolle-Ramiz-Sadiku-ne-Peje-500x500.jpg",
                                    "width": 500,
                                    "height": 500,
                                    "mime-type": "image\/jpeg",
                                    "filesize": 50840,
                                    "source_url": "https:\/\/syriivizionit.org\/wp-content\/uploads\/2024\/06\/Trajnimi-per-mbrojtjen-e-femijeve-nga-ngacmimet-ne-shkolle-Ramiz-Sadiku-ne-Peje-500x500.jpg"
                                },
                                "risehand-image-100-100": {
                                    "file": "Trajnimi-per-mbrojtjen-e-femijeve-nga-ngacmimet-ne-shkolle-Ramiz-Sadiku-ne-Peje-100x100.jpg",
                                    "width": 100,
                                    "height": 100,
                                    "mime-type": "image\/jpeg",
                                    "filesize": 12479,
                                    "source_url": "https:\/\/syriivizionit.org\/wp-content\/uploads\/2024\/06\/Trajnimi-per-mbrojtjen-e-femijeve-nga-ngacmimet-ne-shkolle-Ramiz-Sadiku-ne-Peje-100x100.jpg"
                                }
                            }
                        },
                        "alt_text": "",
                        "url": "",
                        "target": ""
                    }
                ]
            ]
        }
    },
    "_links": {
        "self": [
            {
                "href": "http:\/\/syriivizionit.org\/en\/wp-json\/wp\/v2\/posts\/16066",
                "targetHints": {
                    "allow": [
                        "GET"
                    ]
                }
            }
        ],
        "collection": [
            {
                "href": "http:\/\/syriivizionit.org\/en\/wp-json\/wp\/v2\/posts"
            }
        ],
        "about": [
            {
                "href": "http:\/\/syriivizionit.org\/en\/wp-json\/wp\/v2\/types\/post"
            }
        ],
        "author": [
            {
                "embeddable": true,
                "href": "http:\/\/syriivizionit.org\/en\/wp-json\/wp\/v2\/users\/1"
            }
        ],
        "replies": [
            {
                "embeddable": true,
                "href": "http:\/\/syriivizionit.org\/en\/wp-json\/wp\/v2\/comments?post=16066"
            }
        ],
        "version-history": [
            {
                "count": 1,
                "href": "http:\/\/syriivizionit.org\/en\/wp-json\/wp\/v2\/posts\/16066\/revisions"
            }
        ],
        "predecessor-version": [
            {
                "id": 16068,
                "href": "http:\/\/syriivizionit.org\/en\/wp-json\/wp\/v2\/posts\/16066\/revisions\/16068"
            }
        ],
        "wp:featuredmedia": [
            {
                "embeddable": true,
                "href": "http:\/\/syriivizionit.org\/en\/wp-json\/wp\/v2\/media\/16067"
            }
        ],
        "wp:attachment": [
            {
                "href": "http:\/\/syriivizionit.org\/en\/wp-json\/wp\/v2\/media?parent=16066"
            }
        ],
        "wp:term": [
            {
                "taxonomy": "category",
                "embeddable": true,
                "href": "http:\/\/syriivizionit.org\/en\/wp-json\/wp\/v2\/categories?post=16066"
            },
            {
                "taxonomy": "post_tag",
                "embeddable": true,
                "href": "http:\/\/syriivizionit.org\/en\/wp-json\/wp\/v2\/tags?post=16066"
            }
        ],
        "curies": [
            {
                "name": "wp",
                "href": "https:\/\/api.w.org\/{rel}",
                "templated": true
            }
        ]
    }
}