{"id":11349,"date":"2022-11-21T10:39:53","date_gmt":"2022-11-21T08:39:53","guid":{"rendered":"https:\/\/syrivizionit.org\/?p=11349"},"modified":"2024-05-27T10:51:03","modified_gmt":"2024-05-27T08:51:03","slug":"akf-in-peja-marked-international-childrens-day","status":"publish","type":"post","link":"http:\/\/syriivizionit.org\/sq\/akf-in-peja-marked-international-childrens-day\/activity\/","title":{"rendered":"AKF n\u00eb Pej\u00eb sh\u00ebnoi Dit\u00ebn Nd\u00ebrkomb\u00ebtare t\u00eb F\u00ebmij\u00ebve"},"content":{"rendered":"<div dir=\"auto\">\n<p>Me moton \u201cE drejta ime, obligim i juaj!\u201d, Asambleja Komunale e F\u00ebmij\u00ebve (AKF) n\u00eb Pej\u00eb, mb\u00ebshtetur nga organizatat Syri i Vizionit dhe Save the Children kan\u00eb sh\u00ebnuar 20 N\u00ebntorin, Dit\u00ebn Nd\u00ebrkomb\u00ebtare t\u00eb F\u00ebmij\u00ebve.<\/p>\n<p>N\u00eb kuad\u00ebr t\u00eb k\u00ebsaj Dite, \u00ebsht\u00eb mbajtur nj\u00eb seanc\u00eb e AKF-s\u00eb ku \u00ebsht\u00eb zgjedhur kryetari dhe kryesia e re. N\u00eb k\u00ebt\u00eb takim kan\u00eb marr\u00eb pjes\u00eb edhe Kryesuesi i Kuvendit Komunal t\u00eb Pej\u00ebs, Rexhep Kurtbogaj dhe Drejtoresha p\u00ebr Mir\u00ebqenie Sociale n\u00eb Komun\u00ebn e Pej\u00ebs, Albulena Mujaj-Bajraktaraj, si dhe nga Policia Arbresha Tufaj e Qendrim Sheremeti.<\/p>\n<p>Ata u zotuan para f\u00ebmij\u00ebve se do t\u00eb jen\u00eb mb\u00ebshtet\u00ebsit dhe z\u00ebri i tyre n\u00eb \u00e7do koh\u00eb, duke i inkurajuar ata q\u00eb t\u00eb flasin dhe raportojn\u00eb \u00e7do her\u00eb kur shkelen apo cenohen t\u00eb drejtat e tyre dhe ato t\u00eb bashk\u00ebmoshatar\u00ebve.<\/p>\n<p>Pas p\u00ebrfundimit t\u00eb takimit t\u00eb Asambles\u00eb Komunale, f\u00ebmij\u00ebt asamblist\u00eb realizuan nj\u00eb aktivitet simbolik n\u00eb qend\u00ebr t\u00eb qytetit, ku u vendos instalacioni nga \u00e7adrat me moton \u201cE drejta ime, obligim i juaj!\u201d.<\/p>\n<p>Me an\u00eb t\u00eb k\u00ebsaj fushate, f\u00ebmij\u00ebt kan\u00eb k\u00ebrkuar t\u00eb rritet p\u00ebrgjegj\u00ebsia e institucioneve dhe gjith\u00eb shoq\u00ebris\u00eb. Ata po ashtu k\u00ebrkuan t\u00eb b\u00ebhet m\u00eb shum\u00eb duke ju siguruar kushte dhe mund\u00ebsi n\u00eb g\u00ebzimin e t\u00eb drejtave t\u00eb tyre dhe p\u00ebrmir\u00ebsimin e pozit\u00ebs n\u00eb shoq\u00ebrin\u00eb kosovare.<\/p>\n<p>Pjes\u00eb e k\u00ebsaj fushate ishin edhe f\u00ebmij\u00ebt me aft\u00ebsi t\u00eb kufizuara nga organizatat lokale t\u00eb cilat punojn\u00eb dhe ofrojn\u00eb sh\u00ebrbime p\u00ebr ta si organizatat - \u201cQendra p\u00ebr Jet\u00eb t\u00eb Pavarur\u201d, \u201cPema\u201d dhe \u201cDuart Plot\u00eb M\u00ebshir\u00eb\u201d.<\/p>\n<p>Ky aktivitet  mbahet n\u00eb kuad\u00ebr t\u00eb programit n\u00eb fush\u00ebn e mbrojtjes s\u00eb f\u00ebmij\u00ebve dhe qeverisjes me t\u00eb drejtat e tyre \u201cDetyrimi yn\u00eb p\u00ebr t\u00eb Ardhmen - Mbrojtja e F\u00ebmij\u00ebve dhe Qeverisja e t\u00eb Drejtave t\u00eb F\u00ebmij\u00ebs\u201d i cili zbatohet nga organizata Syri i Vizionit n\u00eb partneritet me Save the Children, zyra n\u00eb Kosov\u00eb, dhe financohet nga Agjencia Suedeze p\u00ebr Zhvillim Nd\u00ebrkomb\u00ebtar.<\/p>\n<\/div>\n<div dir=\"auto\">\n<p>________________<\/p>\n<\/div>","protected":false},"excerpt":{"rendered":"<p>With the motto &#8220;My right, your obligation!&#8221;, the Children&#8217;s Municipal Assembly (AKF) in Peja, supported by the organizations Syri i Vizioni and Save the Children, marked November 20, International Children&#8217;s [&hellip;]<\/p>","protected":false},"author":1,"featured_media":11351,"comment_status":"closed","ping_status":"closed","sticky":false,"template":"","format":"standard","meta":{"_acf_changed":false,"footnotes":""},"categories":[155],"tags":[],"class_list":["post-11349","post","type-post","status-publish","format-standard","has-post-thumbnail","hentry","category-activity"],"acf":{"photo_gallery":{"gallery":[[{"id":11350,"title":"AKF n\u00eb Pej\u00eb sh\u00ebnoi Dit\u00ebn Nd\u00ebrkomb\u00ebtare t\u00eb F\u00ebmij\u00ebve1","caption":"","full_image_url":"https:\/\/syriivizionit.org\/wp-content\/uploads\/2024\/05\/AKF-ne-Peje-shenoi-Diten-Nderkombetare-te-Femijeve1.jpg","thumbnail_image_url":"https:\/\/syriivizionit.org\/wp-content\/uploads\/2024\/05\/AKF-ne-Peje-shenoi-Diten-Nderkombetare-te-Femijeve1-150x150.jpg","large_srcset":"https:\/\/syriivizionit.org\/wp-content\/uploads\/2024\/05\/AKF-ne-Peje-shenoi-Diten-Nderkombetare-te-Femijeve1.jpg 640w, https:\/\/syriivizionit.org\/wp-content\/uploads\/2024\/05\/AKF-ne-Peje-shenoi-Diten-Nderkombetare-te-Femijeve1-300x151.jpg 300w, https:\/\/syriivizionit.org\/wp-content\/uploads\/2024\/05\/AKF-ne-Peje-shenoi-Diten-Nderkombetare-te-Femijeve1-18x9.jpg 18w","medium_srcset":"https:\/\/syriivizionit.org\/wp-content\/uploads\/2024\/05\/AKF-ne-Peje-shenoi-Diten-Nderkombetare-te-Femijeve1-300x151.jpg 300w, https:\/\/syriivizionit.org\/wp-content\/uploads\/2024\/05\/AKF-ne-Peje-shenoi-Diten-Nderkombetare-te-Femijeve1-18x9.jpg 18w, https:\/\/syriivizionit.org\/wp-content\/uploads\/2024\/05\/AKF-ne-Peje-shenoi-Diten-Nderkombetare-te-Femijeve1.jpg 640w","media_details":{"width":640,"height":322,"sizes":{"medium":{"file":"AKF-ne-Peje-shenoi-Diten-Nderkombetare-te-Femijeve1-300x151.jpg","width":300,"height":151,"mime-type":"image\/jpeg","filesize":15504,"source_url":"https:\/\/syriivizionit.org\/wp-content\/uploads\/2024\/05\/AKF-ne-Peje-shenoi-Diten-Nderkombetare-te-Femijeve1-300x151.jpg"},"thumbnail":{"file":"AKF-ne-Peje-shenoi-Diten-Nderkombetare-te-Femijeve1-150x150.jpg","width":150,"height":150,"mime-type":"image\/jpeg","filesize":8075,"source_url":"https:\/\/syriivizionit.org\/wp-content\/uploads\/2024\/05\/AKF-ne-Peje-shenoi-Diten-Nderkombetare-te-Femijeve1-150x150.jpg"},"trp-custom-language-flag":{"file":"AKF-ne-Peje-shenoi-Diten-Nderkombetare-te-Femijeve1-18x9.jpg","width":18,"height":9,"mime-type":"image\/jpeg","filesize":403,"source_url":"https:\/\/syriivizionit.org\/wp-content\/uploads\/2024\/05\/AKF-ne-Peje-shenoi-Diten-Nderkombetare-te-Femijeve1-18x9.jpg"},"risehand-blog-image-570-570":{"file":"AKF-ne-Peje-shenoi-Diten-Nderkombetare-te-Femijeve1-570x322.jpg","width":570,"height":322,"mime-type":"image\/jpeg","filesize":66728,"source_url":"https:\/\/syriivizionit.org\/wp-content\/uploads\/2024\/05\/AKF-ne-Peje-shenoi-Diten-Nderkombetare-te-Femijeve1-570x322.jpg"},"risehand-image-grid-400-425":{"file":"AKF-ne-Peje-shenoi-Diten-Nderkombetare-te-Femijeve1-400x322.jpg","width":400,"height":322,"mime-type":"image\/jpeg","filesize":52069,"source_url":"https:\/\/syriivizionit.org\/wp-content\/uploads\/2024\/05\/AKF-ne-Peje-shenoi-Diten-Nderkombetare-te-Femijeve1-400x322.jpg"},"risehand-image-370-270":{"file":"AKF-ne-Peje-shenoi-Diten-Nderkombetare-te-Femijeve1-370x270.jpg","width":370,"height":270,"mime-type":"image\/jpeg","filesize":32015,"source_url":"https:\/\/syriivizionit.org\/wp-content\/uploads\/2024\/05\/AKF-ne-Peje-shenoi-Diten-Nderkombetare-te-Femijeve1-370x270.jpg"},"risehand-image-570-570":{"file":"AKF-ne-Peje-shenoi-Diten-Nderkombetare-te-Femijeve1-570x322.jpg","width":570,"height":322,"mime-type":"image\/jpeg","filesize":66728,"source_url":"https:\/\/syriivizionit.org\/wp-content\/uploads\/2024\/05\/AKF-ne-Peje-shenoi-Diten-Nderkombetare-te-Femijeve1-570x322.jpg"},"risehand-image-370-320":{"file":"AKF-ne-Peje-shenoi-Diten-Nderkombetare-te-Femijeve1-370x320.jpg","width":370,"height":320,"mime-type":"image\/jpeg","filesize":36956,"source_url":"https:\/\/syriivizionit.org\/wp-content\/uploads\/2024\/05\/AKF-ne-Peje-shenoi-Diten-Nderkombetare-te-Femijeve1-370x320.jpg"},"risehand-image-500-500":{"file":"AKF-ne-Peje-shenoi-Diten-Nderkombetare-te-Femijeve1-500x322.jpg","width":500,"height":322,"mime-type":"image\/jpeg","filesize":59079,"source_url":"https:\/\/syriivizionit.org\/wp-content\/uploads\/2024\/05\/AKF-ne-Peje-shenoi-Diten-Nderkombetare-te-Femijeve1-500x322.jpg"},"risehand-image-100-100":{"file":"AKF-ne-Peje-shenoi-Diten-Nderkombetare-te-Femijeve1-100x100.jpg","width":100,"height":100,"mime-type":"image\/jpeg","filesize":4039,"source_url":"https:\/\/syriivizionit.org\/wp-content\/uploads\/2024\/05\/AKF-ne-Peje-shenoi-Diten-Nderkombetare-te-Femijeve1-100x100.jpg"}}},"alt_text":"","url":"","target":""}]]}},"_links":{"self":[{"href":"http:\/\/syriivizionit.org\/sq\/wp-json\/wp\/v2\/posts\/11349","targetHints":{"allow":["GET"]}}],"collection":[{"href":"http:\/\/syriivizionit.org\/sq\/wp-json\/wp\/v2\/posts"}],"about":[{"href":"http:\/\/syriivizionit.org\/sq\/wp-json\/wp\/v2\/types\/post"}],"author":[{"embeddable":true,"href":"http:\/\/syriivizionit.org\/sq\/wp-json\/wp\/v2\/users\/1"}],"replies":[{"embeddable":true,"href":"http:\/\/syriivizionit.org\/sq\/wp-json\/wp\/v2\/comments?post=11349"}],"version-history":[{"count":1,"href":"http:\/\/syriivizionit.org\/sq\/wp-json\/wp\/v2\/posts\/11349\/revisions"}],"predecessor-version":[{"id":11352,"href":"http:\/\/syriivizionit.org\/sq\/wp-json\/wp\/v2\/posts\/11349\/revisions\/11352"}],"wp:featuredmedia":[{"embeddable":true,"href":"http:\/\/syriivizionit.org\/sq\/wp-json\/wp\/v2\/media\/11351"}],"wp:attachment":[{"href":"http:\/\/syriivizionit.org\/sq\/wp-json\/wp\/v2\/media?parent=11349"}],"wp:term":[{"taxonomy":"category","embeddable":true,"href":"http:\/\/syriivizionit.org\/sq\/wp-json\/wp\/v2\/categories?post=11349"},{"taxonomy":"post_tag","embeddable":true,"href":"http:\/\/syriivizionit.org\/sq\/wp-json\/wp\/v2\/tags?post=11349"}],"curies":[{"name":"wp","href":"https:\/\/api.w.org\/{rel}","templated":true}]}}