{"id":16005,"date":"2013-06-08T14:41:14","date_gmt":"2013-06-08T12:41:14","guid":{"rendered":"https:\/\/syrivizionit.org\/?p=16005"},"modified":"2024-06-27T14:41:44","modified_gmt":"2024-06-27T12:41:44","slug":"the-workshop-for-the-drafting-of-the-code-of-conduct-is-held-at-the-tefik-canga-school-in-ferizaj","status":"publish","type":"post","link":"http:\/\/syriivizionit.org\/sq\/the-workshop-for-the-drafting-of-the-code-of-conduct-is-held-at-the-tefik-canga-school-in-ferizaj\/activity\/","title":{"rendered":"Mbahet pun\u00ebtoria p\u00ebr hartimin e kodit t\u00eb mir\u00ebsjelljes n\u00eb shkoll\u00ebn \u201cTefik \u00c7anga\u201d n\u00eb Ferizaj"},"content":{"rendered":"<div dir=\"auto\">\n<p>Mbahet pun\u00ebtoria p\u00ebr hartimin e kodit t\u00eb mir\u00ebsjelljes n\u00eb shkoll\u00ebn \u201cTefik \u00c7anga\u201d n\u00eb Ferizaj<\/p>\n<p>Ferizaj-06 maj- Organizata joqeveritare \u201cSyri i Vizionit\u201d n\u00eb kuad\u00ebr t\u00eb projektit \u201cTogether 4 children rigts- Child protection and Child Right Governance\u201d, mb\u00ebshtetur nga Save the Children, ka mbajtur pun\u00ebtorin p\u00ebr hartimin e kodit t\u00eb mir\u00ebsjelljes m\u00eb k\u00ebshillin e shkoll\u00ebs fillore \u201cTefik \u00c7anga\u201d n\u00eb Ferizaj.<\/p>\n<p>K\u00ebshilli i shkoll\u00ebs ka mir\u00ebpritur projektin q\u00eb \u00ebsht\u00eb duke u realizuar n\u00eb k\u00ebt\u00eb shkoll\u00eb, q\u00eb t\u00eb  ndihmohet shkolla n\u00eb hartimin e kodit t\u00eb mir\u00ebsjelljes q\u00eb ka t\u00eb b\u00ebj\u00eb me t\u00eb drejtat dhe p\u00ebrgjegj\u00ebsitw e nx\u00ebn\u00ebsve dhe t\u00eb vet\u00eb m\u00ebsimdh\u00ebn\u00ebsve.<br \/>\nP\u00ebrve\u00e7, kodit t\u00eb mir\u00ebsjelljes p\u00ebr k\u00ebt\u00eb shkoll\u00eb dhe shkollat tjera, do t\u00eb mbahen edhe pun\u00ebtori p\u00ebr fuqizimin e mekanizmave p\u00ebr t\u00eb drejtat e f\u00ebmij\u00ebve, gjithashtu do t\u00eb mbahen trajnime me nx\u00ebn\u00ebs, n\u00eb tema t\u00eb ndryshme ku do t\u00eb jen\u00eb pjes\u00ebmarr\u00ebs edhe k\u00ebshilli i shkoll\u00ebs (m\u00ebsimdh\u00ebn\u00ebs, k\u00ebshilli prind\u00ebrve dhe k\u00ebshilli i nx\u00ebn\u00ebsve) duke ndikuar n\u00eb vet\u00ebdijesimin e nx\u00ebn\u00ebsve, m\u00ebsimdh\u00ebn\u00ebsve dhe vet\u00eb prind\u00ebrve mbi t\u00eb drejtat e f\u00ebmij\u00ebve dhe adresimin e dhun\u00ebs n\u00eb mekanizmat ekzistues p\u00ebr t\u00eb drejtat e f\u00ebmij\u00ebve.<\/p>\n<p>Projekti \u201cTogether 4 children rigts- Child protection and Child Right Governance\u201d ka p\u00ebr q\u00ebllim t\u00eb ndihmoj\u00eb f\u00ebmij\u00ebt, organizatat e ndryshme dhe shkollat n\u00eb mbrojtjen e f\u00ebmij\u00ebve nga dhuna, q\u00eb  t\u2019i shnd\u00ebrroj\u00eb shkollat n\u00eb vende t\u00eb sigurta p\u00ebr f\u00ebmij\u00ebt dhe ndihmoj\u00eb krijimin dhe forcimin e mekanizmave  p\u00ebr mbrojtjen e f\u00ebmij\u00ebve.<\/p>\n<p>Ky projekt po implementohet n\u00eb n\u00ebnt\u00eb shkolla n\u00eb pes\u00eb komuna: shkollat fillore \u201cRamiz Sadiku\u201d dhe \u201cXhemail Kada\u201d n\u00eb Pej\u00eb, \u201cMustafa Bakia\u201d dhe \u201cZekeria Rexha\u201dn\u00eb Gjakov\u00eb,  \u201cTefik \u00c7anga\u201d dhe \u201cJeronim De Rada\u201d n\u00eb Ferizaj, \u201cBedri Gjina\u201d dhe Andon Zako \u00c7ajupi\u201d n\u00eb Mitrovic\u00eb dhe shkolla fillore \u201cNaim Frash\u00ebri\u201d n\u00eb Prishtin\u00eb, n\u00eb periudh\u00ebn nga maji deri n\u00eb dhjetor 2013. P\u00ebrfituesit t\u00eb k\u00ebtij projekti q\u00eb jan\u00eb  nx\u00ebn\u00ebsit, prind\u00ebrit e tyre dhe m\u00ebsimdh\u00ebn\u00ebsit e k\u00ebtyre shkollave.<\/p>\n<\/div>\n<div dir=\"auto\">\n<p>________________<\/p>\n<\/div>","protected":false},"excerpt":{"rendered":"<p>The workshop for the drafting of the code of conduct is held at the &#8220;Tefik \u00c7anga&#8221; school in Ferizaj Ferizaj-06 May- The non-governmental organization &#8220;Syri i Vizioni&#8221; within the project [&hellip;]<\/p>","protected":false},"author":1,"featured_media":16006,"comment_status":"closed","ping_status":"closed","sticky":false,"template":"","format":"standard","meta":{"_acf_changed":false,"footnotes":""},"categories":[155],"tags":[],"class_list":["post-16005","post","type-post","status-publish","format-standard","has-post-thumbnail","hentry","category-activity"],"acf":{"photo_gallery":{"gallery":[[{"id":16006,"title":"Mbahet pun\u00ebtoria p\u00ebr hartimin e kodit t\u00eb mir\u00ebsjelljes n\u00eb shkoll\u00ebn \u201cTefik \u00c7anga\u201d n\u00eb Ferizaj","caption":"","full_image_url":"https:\/\/syriivizionit.org\/wp-content\/uploads\/2024\/06\/Mbahet-punetoria-per-hartimin-e-kodit-te-miresjelljes-ne-shkollen-Tefik-Canga-ne-Ferizaj.jpg","thumbnail_image_url":"https:\/\/syriivizionit.org\/wp-content\/uploads\/2024\/06\/Mbahet-punetoria-per-hartimin-e-kodit-te-miresjelljes-ne-shkollen-Tefik-Canga-ne-Ferizaj-150x150.jpg","large_srcset":"https:\/\/syriivizionit.org\/wp-content\/uploads\/2024\/06\/Mbahet-punetoria-per-hartimin-e-kodit-te-miresjelljes-ne-shkollen-Tefik-Canga-ne-Ferizaj.jpg 670w, https:\/\/syriivizionit.org\/wp-content\/uploads\/2024\/06\/Mbahet-punetoria-per-hartimin-e-kodit-te-miresjelljes-ne-shkollen-Tefik-Canga-ne-Ferizaj-300x116.jpg 300w, https:\/\/syriivizionit.org\/wp-content\/uploads\/2024\/06\/Mbahet-punetoria-per-hartimin-e-kodit-te-miresjelljes-ne-shkollen-Tefik-Canga-ne-Ferizaj-18x7.jpg 18w","medium_srcset":"https:\/\/syriivizionit.org\/wp-content\/uploads\/2024\/06\/Mbahet-punetoria-per-hartimin-e-kodit-te-miresjelljes-ne-shkollen-Tefik-Canga-ne-Ferizaj-300x116.jpg 300w, https:\/\/syriivizionit.org\/wp-content\/uploads\/2024\/06\/Mbahet-punetoria-per-hartimin-e-kodit-te-miresjelljes-ne-shkollen-Tefik-Canga-ne-Ferizaj-18x7.jpg 18w, https:\/\/syriivizionit.org\/wp-content\/uploads\/2024\/06\/Mbahet-punetoria-per-hartimin-e-kodit-te-miresjelljes-ne-shkollen-Tefik-Canga-ne-Ferizaj.jpg 670w","media_details":{"width":670,"height":260,"sizes":{"medium":{"file":"Mbahet-punetoria-per-hartimin-e-kodit-te-miresjelljes-ne-shkollen-Tefik-Canga-ne-Ferizaj-300x116.jpg","width":300,"height":116,"mime-type":"image\/jpeg","filesize":8262,"source_url":"https:\/\/syriivizionit.org\/wp-content\/uploads\/2024\/06\/Mbahet-punetoria-per-hartimin-e-kodit-te-miresjelljes-ne-shkollen-Tefik-Canga-ne-Ferizaj-300x116.jpg"},"thumbnail":{"file":"Mbahet-punetoria-per-hartimin-e-kodit-te-miresjelljes-ne-shkollen-Tefik-Canga-ne-Ferizaj-150x150.jpg","width":150,"height":150,"mime-type":"image\/jpeg","filesize":5367,"source_url":"https:\/\/syriivizionit.org\/wp-content\/uploads\/2024\/06\/Mbahet-punetoria-per-hartimin-e-kodit-te-miresjelljes-ne-shkollen-Tefik-Canga-ne-Ferizaj-150x150.jpg"},"trp-custom-language-flag":{"file":"Mbahet-punetoria-per-hartimin-e-kodit-te-miresjelljes-ne-shkollen-Tefik-Canga-ne-Ferizaj-18x7.jpg","width":18,"height":7,"mime-type":"image\/jpeg","filesize":438,"source_url":"https:\/\/syriivizionit.org\/wp-content\/uploads\/2024\/06\/Mbahet-punetoria-per-hartimin-e-kodit-te-miresjelljes-ne-shkollen-Tefik-Canga-ne-Ferizaj-18x7.jpg"},"risehand-blog-image-570-570":{"file":"Mbahet-punetoria-per-hartimin-e-kodit-te-miresjelljes-ne-shkollen-Tefik-Canga-ne-Ferizaj-570x260.jpg","width":570,"height":260,"mime-type":"image\/jpeg","filesize":27088,"source_url":"https:\/\/syriivizionit.org\/wp-content\/uploads\/2024\/06\/Mbahet-punetoria-per-hartimin-e-kodit-te-miresjelljes-ne-shkollen-Tefik-Canga-ne-Ferizaj-570x260.jpg"},"risehand-image-grid-400-425":{"file":"Mbahet-punetoria-per-hartimin-e-kodit-te-miresjelljes-ne-shkollen-Tefik-Canga-ne-Ferizaj-400x260.jpg","width":400,"height":260,"mime-type":"image\/jpeg","filesize":20090,"source_url":"https:\/\/syriivizionit.org\/wp-content\/uploads\/2024\/06\/Mbahet-punetoria-per-hartimin-e-kodit-te-miresjelljes-ne-shkollen-Tefik-Canga-ne-Ferizaj-400x260.jpg"},"risehand-image-370-270":{"file":"Mbahet-punetoria-per-hartimin-e-kodit-te-miresjelljes-ne-shkollen-Tefik-Canga-ne-Ferizaj-370x260.jpg","width":370,"height":260,"mime-type":"image\/jpeg","filesize":18711,"source_url":"https:\/\/syriivizionit.org\/wp-content\/uploads\/2024\/06\/Mbahet-punetoria-per-hartimin-e-kodit-te-miresjelljes-ne-shkollen-Tefik-Canga-ne-Ferizaj-370x260.jpg"},"risehand-image-570-570":{"file":"Mbahet-punetoria-per-hartimin-e-kodit-te-miresjelljes-ne-shkollen-Tefik-Canga-ne-Ferizaj-570x260.jpg","width":570,"height":260,"mime-type":"image\/jpeg","filesize":27088,"source_url":"https:\/\/syriivizionit.org\/wp-content\/uploads\/2024\/06\/Mbahet-punetoria-per-hartimin-e-kodit-te-miresjelljes-ne-shkollen-Tefik-Canga-ne-Ferizaj-570x260.jpg"},"risehand-image-370-320":{"file":"Mbahet-punetoria-per-hartimin-e-kodit-te-miresjelljes-ne-shkollen-Tefik-Canga-ne-Ferizaj-370x260.jpg","width":370,"height":260,"mime-type":"image\/jpeg","filesize":18711,"source_url":"https:\/\/syriivizionit.org\/wp-content\/uploads\/2024\/06\/Mbahet-punetoria-per-hartimin-e-kodit-te-miresjelljes-ne-shkollen-Tefik-Canga-ne-Ferizaj-370x260.jpg"},"risehand-image-500-500":{"file":"Mbahet-punetoria-per-hartimin-e-kodit-te-miresjelljes-ne-shkollen-Tefik-Canga-ne-Ferizaj-500x260.jpg","width":500,"height":260,"mime-type":"image\/jpeg","filesize":24383,"source_url":"https:\/\/syriivizionit.org\/wp-content\/uploads\/2024\/06\/Mbahet-punetoria-per-hartimin-e-kodit-te-miresjelljes-ne-shkollen-Tefik-Canga-ne-Ferizaj-500x260.jpg"},"risehand-image-100-100":{"file":"Mbahet-punetoria-per-hartimin-e-kodit-te-miresjelljes-ne-shkollen-Tefik-Canga-ne-Ferizaj-100x100.jpg","width":100,"height":100,"mime-type":"image\/jpeg","filesize":3105,"source_url":"https:\/\/syriivizionit.org\/wp-content\/uploads\/2024\/06\/Mbahet-punetoria-per-hartimin-e-kodit-te-miresjelljes-ne-shkollen-Tefik-Canga-ne-Ferizaj-100x100.jpg"}}},"alt_text":"","url":"","target":""}]]}},"_links":{"self":[{"href":"http:\/\/syriivizionit.org\/sq\/wp-json\/wp\/v2\/posts\/16005","targetHints":{"allow":["GET"]}}],"collection":[{"href":"http:\/\/syriivizionit.org\/sq\/wp-json\/wp\/v2\/posts"}],"about":[{"href":"http:\/\/syriivizionit.org\/sq\/wp-json\/wp\/v2\/types\/post"}],"author":[{"embeddable":true,"href":"http:\/\/syriivizionit.org\/sq\/wp-json\/wp\/v2\/users\/1"}],"replies":[{"embeddable":true,"href":"http:\/\/syriivizionit.org\/sq\/wp-json\/wp\/v2\/comments?post=16005"}],"version-history":[{"count":1,"href":"http:\/\/syriivizionit.org\/sq\/wp-json\/wp\/v2\/posts\/16005\/revisions"}],"predecessor-version":[{"id":16008,"href":"http:\/\/syriivizionit.org\/sq\/wp-json\/wp\/v2\/posts\/16005\/revisions\/16008"}],"wp:featuredmedia":[{"embeddable":true,"href":"http:\/\/syriivizionit.org\/sq\/wp-json\/wp\/v2\/media\/16006"}],"wp:attachment":[{"href":"http:\/\/syriivizionit.org\/sq\/wp-json\/wp\/v2\/media?parent=16005"}],"wp:term":[{"taxonomy":"category","embeddable":true,"href":"http:\/\/syriivizionit.org\/sq\/wp-json\/wp\/v2\/categories?post=16005"},{"taxonomy":"post_tag","embeddable":true,"href":"http:\/\/syriivizionit.org\/sq\/wp-json\/wp\/v2\/tags?post=16005"}],"curies":[{"name":"wp","href":"https:\/\/api.w.org\/{rel}","templated":true}]}}