{"id":16021,"date":"2013-05-20T14:51:03","date_gmt":"2013-05-20T12:51:03","guid":{"rendered":"https:\/\/syrivizionit.org\/?p=16021"},"modified":"2024-06-27T14:51:23","modified_gmt":"2024-06-27T12:51:23","slug":"the-new-project-for-the-protection-of-childrens-rights-in-schools","status":"publish","type":"post","link":"http:\/\/syriivizionit.org\/sq\/the-new-project-for-the-protection-of-childrens-rights-in-schools\/activity\/","title":{"rendered":"Projekti i ri p\u00ebr mbrojtjen e t\u00eb drejtave t\u00eb f\u00ebmij\u00ebve n\u00eb shkolla"},"content":{"rendered":"<div dir=\"auto\">\n<p>\u201cSyri i Vizionit\u201d me p\u00ebrkrahje nga organizata nd\u00ebrkomb\u00ebtare \u201cSave the Children\u201d ka filluar t\u00eb realizoj\u00eb projektin \u201cTogether 4 children rigts- Child protection and Child Right Governance\u201d, projekt q\u00eb ka p\u00ebr q\u00ebllim t\u00eb ndihmoj\u00eb f\u00ebmij\u00ebt, organizatat e ndryshme dhe shkollat n\u00eb mbrojtjen e f\u00ebmij\u00ebve nga dhuna, t\u2019i shnd\u00ebrroj\u00eb shkollat n\u00eb vende t\u00eb sigurta p\u00ebr f\u00ebmij\u00ebt dhe t\u00eb ndihmoj\u00eb krijimin dhe forcimin e mekanizmave p\u00ebr mbrojtjen e f\u00ebmij\u00ebve.<br \/>\nProjekti implementohet n\u00eb n\u00ebnt\u00eb shkolla n\u00eb pes\u00eb komuna: shkollat fillore \u201cRamiz Sadiku\u201d dhe \u201cXhemail Kada\u201d n\u00eb Pej\u00eb, \u201cMustafa Bakia\u201d dhe \u201cZekeria Rexha\u201dn\u00eb Gjakov\u00eb,  \u201cTefik \u00c7anga\u201d dhe \u201cJeronim De Rada\u201d n\u00eb Ferizaj, \u201cBedri Gjina\u201d dhe Andon Zako \u00c7ajupi\u201d n\u00eb Mitrovic\u00eb dhe shkolla fillore \u201cNaim Frash\u00ebri\u201d n\u00eb Prishtin\u00eb, n\u00eb periudh\u00ebn nga maji deri n\u00eb dhjetor 2013. P\u00ebrfituesit e k\u00ebtij projekti q\u00eb jan\u00eb  nx\u00ebn\u00ebsit, prind\u00ebrit e tyre dhe m\u00ebsimdh\u00ebn\u00ebsit e k\u00ebtyre shkollave.<\/p>\n<p>Aktivitetet e projektit n\u00eb k\u00ebt\u00eb periudh\u00eb do jen\u00eb:<\/p>\n<p>Analiza e gjendjes n\u00eb Shkolla - dhuna dhe mekanizmat e mbrojtjes nga ajo p\u00ebrmes takime me k\u00ebshillat e shkollave me nx\u00ebn\u00ebs, prind\u00ebr dhe m\u00ebsimdh\u00ebn\u00ebs nga ku do nxirret nj\u00eb analiz\u00eb e gjendjes dhe nj\u00eb plan aksioni p\u00ebr p\u00ebrmir\u00ebsimin e gjendjes<\/p>\n<p>Kodi i mir\u00ebsjelljes p\u00ebr f\u00ebmij\u00ebt dhe m\u00ebsimdh\u00ebn\u00ebsit q\u00eb do hartohet dhe plot\u00ebsohet bashk\u00eb me shkollat dhe ky kod  do t\u00eb ekspozohet n\u00eb shkoll\u00eb n\u00eb nj\u00eb format t\u00eb duksh\u00ebm.<\/p>\n<p>Fuqizimi i k\u00ebshillave t\u00eb nx\u00ebn\u00ebsve n\u00eb shkolla me njohuri, q\u00eb ata do t\u2019i bartin tek nx\u00ebn\u00ebsit tjer\u00eb, p\u00ebrfshir\u00eb nj\u00eb aktivitet n\u00eb dit\u00ebn kushtuar Konvent\u00ebs s\u00eb t\u00eb drejtave t\u00eb f\u00ebmij\u00ebve<\/p>\n<p>Ndikimi n\u00eb p\u00ebrmir\u00ebsimin e gjendjes aktuale n\u00eb shkoll\u00eb p\u00ebrmes aktiviteteve p\u00ebrfshir\u00eb trajnime p\u00ebr m\u00ebsuesit dhe f\u00ebmij\u00ebt n\u00eb temat e dhun\u00ebs dhe ngacmimit, mbrojtja e f\u00ebmij\u00ebve prej tyre dhe adresimi  tek mekanizmat e mbrojtjes s\u00eb f\u00ebmij\u00ebve, vizita n\u00ebp\u00ebr institucione, krijimi i mekanizmave n\u00eb bashk\u00ebpunim me menaxhmentin e shkoll\u00ebs dhe vendosjen e kutive t\u00eb ankesave brenda shkollave, mbajtja e radio emisioneve n\u00eb secil\u00ebn komun\u00eb m\u00eb akter\u00eb t\u00eb ndrysh\u00ebm, etj.<\/p>\n<p>Monitorimi i t\u00eb drejtave mbi qeverisjen e f\u00ebmij\u00ebve q\u00eb do t\u00eb b\u00ebhet n\u00eb shkollat fillore \u201cNaim Frash\u00ebri\u201d n\u00eb Prishtin\u00eb, \u201cRamiz Sadiku\u201d n\u00eb Pej\u00eb dhe \u201cZekeria Rexha\u201d n\u00eb Gjakov\u00eb, nga vet\u00eb nx\u00ebn\u00ebs q\u00eb do t\u00eb p\u00ebrzgjidhen dhe pas b\u00ebjn\u00eb hulumtimi n\u00eb shkolla p\u00ebrmes pyet\u00ebsor\u00ebve, do t\u00eb hartohen raporte t\u00eb ve\u00e7anta p\u00ebr secil\u00ebn shkoll\u00eb<\/p>\n<p>T\u00eb gjitha aktivitet do t\u00eb realizohen n\u00eb bashk\u00ebpunim me drejtorit\u00eb komunale t\u00eb arsimit, menaxhmentet e shkollave (drejtorin\u00eb dhe k\u00ebshillin e shkoll\u00ebs) si dhe t\u00eb gjitha pal\u00ebt e p\u00ebrfshira n\u00eb proces arsimor do t\u00eb ftohen n\u00eb trajnime, tryeza, pun\u00ebtori dhe aktivitete tjera t\u00eb organizuara n\u00eb kuad\u00ebr t\u00eb k\u00ebtij projekti.<\/p>\n<p>Mir\u00ebpresim bashk\u00ebpunimin tuaj n\u00eb realizimin e projektit.<\/p>\n<p>Personat p\u00ebrgjegj\u00ebs p\u00ebr projektin:<br \/>\nNaser Lajqi, tel. 044 695 650, e-mail: naser.lajqi@syriivizionit.org<br \/>\nTeuta Uka, tel. 049 139 506, e-mail: teuta.uka@syriivizionit.org<\/p>\n<\/div>\n<div dir=\"auto\">\n<p>________________<\/p>\n<\/div>","protected":false},"excerpt":{"rendered":"<p>&#8220;Syri i Vizioni&#8221; with support from the international organization &#8220;Save the Children&#8221; has started to realize the project &#8220;Together 4 children rights- Child protection and Child Right Governance&#8221;, a project [&hellip;]<\/p>","protected":false},"author":1,"featured_media":16022,"comment_status":"closed","ping_status":"closed","sticky":false,"template":"","format":"standard","meta":{"_acf_changed":false,"footnotes":""},"categories":[155],"tags":[],"class_list":["post-16021","post","type-post","status-publish","format-standard","has-post-thumbnail","hentry","category-activity"],"acf":{"photo_gallery":{"gallery":[[{"id":16022,"title":"Projekti i ri p\u00ebr mbrojtjen e t\u00eb drejtave t\u00eb f\u00ebmij\u00ebve n\u00eb shkolla","caption":"","full_image_url":"https:\/\/syriivizionit.org\/wp-content\/uploads\/2024\/06\/Projekti-i-ri-per-mbrojtjen-e-te-drejtave-te-femijeve-ne-shkolla.jpg","thumbnail_image_url":"https:\/\/syriivizionit.org\/wp-content\/uploads\/2024\/06\/Projekti-i-ri-per-mbrojtjen-e-te-drejtave-te-femijeve-ne-shkolla-150x150.jpg","large_srcset":"https:\/\/syriivizionit.org\/wp-content\/uploads\/2024\/06\/Projekti-i-ri-per-mbrojtjen-e-te-drejtave-te-femijeve-ne-shkolla.jpg 670w, https:\/\/syriivizionit.org\/wp-content\/uploads\/2024\/06\/Projekti-i-ri-per-mbrojtjen-e-te-drejtave-te-femijeve-ne-shkolla-300x116.jpg 300w, https:\/\/syriivizionit.org\/wp-content\/uploads\/2024\/06\/Projekti-i-ri-per-mbrojtjen-e-te-drejtave-te-femijeve-ne-shkolla-18x7.jpg 18w","medium_srcset":"https:\/\/syriivizionit.org\/wp-content\/uploads\/2024\/06\/Projekti-i-ri-per-mbrojtjen-e-te-drejtave-te-femijeve-ne-shkolla-300x116.jpg 300w, https:\/\/syriivizionit.org\/wp-content\/uploads\/2024\/06\/Projekti-i-ri-per-mbrojtjen-e-te-drejtave-te-femijeve-ne-shkolla-18x7.jpg 18w, https:\/\/syriivizionit.org\/wp-content\/uploads\/2024\/06\/Projekti-i-ri-per-mbrojtjen-e-te-drejtave-te-femijeve-ne-shkolla.jpg 670w","media_details":{"width":670,"height":260,"sizes":{"medium":{"file":"Projekti-i-ri-per-mbrojtjen-e-te-drejtave-te-femijeve-ne-shkolla-300x116.jpg","width":300,"height":116,"mime-type":"image\/jpeg","filesize":8584,"source_url":"https:\/\/syriivizionit.org\/wp-content\/uploads\/2024\/06\/Projekti-i-ri-per-mbrojtjen-e-te-drejtave-te-femijeve-ne-shkolla-300x116.jpg"},"thumbnail":{"file":"Projekti-i-ri-per-mbrojtjen-e-te-drejtave-te-femijeve-ne-shkolla-150x150.jpg","width":150,"height":150,"mime-type":"image\/jpeg","filesize":5791,"source_url":"https:\/\/syriivizionit.org\/wp-content\/uploads\/2024\/06\/Projekti-i-ri-per-mbrojtjen-e-te-drejtave-te-femijeve-ne-shkolla-150x150.jpg"},"trp-custom-language-flag":{"file":"Projekti-i-ri-per-mbrojtjen-e-te-drejtave-te-femijeve-ne-shkolla-18x7.jpg","width":18,"height":7,"mime-type":"image\/jpeg","filesize":451,"source_url":"https:\/\/syriivizionit.org\/wp-content\/uploads\/2024\/06\/Projekti-i-ri-per-mbrojtjen-e-te-drejtave-te-femijeve-ne-shkolla-18x7.jpg"},"risehand-blog-image-570-570":{"file":"Projekti-i-ri-per-mbrojtjen-e-te-drejtave-te-femijeve-ne-shkolla-570x260.jpg","width":570,"height":260,"mime-type":"image\/jpeg","filesize":28555,"source_url":"https:\/\/syriivizionit.org\/wp-content\/uploads\/2024\/06\/Projekti-i-ri-per-mbrojtjen-e-te-drejtave-te-femijeve-ne-shkolla-570x260.jpg"},"risehand-image-grid-400-425":{"file":"Projekti-i-ri-per-mbrojtjen-e-te-drejtave-te-femijeve-ne-shkolla-400x260.jpg","width":400,"height":260,"mime-type":"image\/jpeg","filesize":21048,"source_url":"https:\/\/syriivizionit.org\/wp-content\/uploads\/2024\/06\/Projekti-i-ri-per-mbrojtjen-e-te-drejtave-te-femijeve-ne-shkolla-400x260.jpg"},"risehand-image-370-270":{"file":"Projekti-i-ri-per-mbrojtjen-e-te-drejtave-te-femijeve-ne-shkolla-370x260.jpg","width":370,"height":260,"mime-type":"image\/jpeg","filesize":19918,"source_url":"https:\/\/syriivizionit.org\/wp-content\/uploads\/2024\/06\/Projekti-i-ri-per-mbrojtjen-e-te-drejtave-te-femijeve-ne-shkolla-370x260.jpg"},"risehand-image-570-570":{"file":"Projekti-i-ri-per-mbrojtjen-e-te-drejtave-te-femijeve-ne-shkolla-570x260.jpg","width":570,"height":260,"mime-type":"image\/jpeg","filesize":28555,"source_url":"https:\/\/syriivizionit.org\/wp-content\/uploads\/2024\/06\/Projekti-i-ri-per-mbrojtjen-e-te-drejtave-te-femijeve-ne-shkolla-570x260.jpg"},"risehand-image-370-320":{"file":"Projekti-i-ri-per-mbrojtjen-e-te-drejtave-te-femijeve-ne-shkolla-370x260.jpg","width":370,"height":260,"mime-type":"image\/jpeg","filesize":19918,"source_url":"https:\/\/syriivizionit.org\/wp-content\/uploads\/2024\/06\/Projekti-i-ri-per-mbrojtjen-e-te-drejtave-te-femijeve-ne-shkolla-370x260.jpg"},"risehand-image-500-500":{"file":"Projekti-i-ri-per-mbrojtjen-e-te-drejtave-te-femijeve-ne-shkolla-500x260.jpg","width":500,"height":260,"mime-type":"image\/jpeg","filesize":25814,"source_url":"https:\/\/syriivizionit.org\/wp-content\/uploads\/2024\/06\/Projekti-i-ri-per-mbrojtjen-e-te-drejtave-te-femijeve-ne-shkolla-500x260.jpg"},"risehand-image-100-100":{"file":"Projekti-i-ri-per-mbrojtjen-e-te-drejtave-te-femijeve-ne-shkolla-100x100.jpg","width":100,"height":100,"mime-type":"image\/jpeg","filesize":3308,"source_url":"https:\/\/syriivizionit.org\/wp-content\/uploads\/2024\/06\/Projekti-i-ri-per-mbrojtjen-e-te-drejtave-te-femijeve-ne-shkolla-100x100.jpg"}}},"alt_text":"","url":"","target":""}]]}},"_links":{"self":[{"href":"http:\/\/syriivizionit.org\/sq\/wp-json\/wp\/v2\/posts\/16021","targetHints":{"allow":["GET"]}}],"collection":[{"href":"http:\/\/syriivizionit.org\/sq\/wp-json\/wp\/v2\/posts"}],"about":[{"href":"http:\/\/syriivizionit.org\/sq\/wp-json\/wp\/v2\/types\/post"}],"author":[{"embeddable":true,"href":"http:\/\/syriivizionit.org\/sq\/wp-json\/wp\/v2\/users\/1"}],"replies":[{"embeddable":true,"href":"http:\/\/syriivizionit.org\/sq\/wp-json\/wp\/v2\/comments?post=16021"}],"version-history":[{"count":1,"href":"http:\/\/syriivizionit.org\/sq\/wp-json\/wp\/v2\/posts\/16021\/revisions"}],"predecessor-version":[{"id":16023,"href":"http:\/\/syriivizionit.org\/sq\/wp-json\/wp\/v2\/posts\/16021\/revisions\/16023"}],"wp:featuredmedia":[{"embeddable":true,"href":"http:\/\/syriivizionit.org\/sq\/wp-json\/wp\/v2\/media\/16022"}],"wp:attachment":[{"href":"http:\/\/syriivizionit.org\/sq\/wp-json\/wp\/v2\/media?parent=16021"}],"wp:term":[{"taxonomy":"category","embeddable":true,"href":"http:\/\/syriivizionit.org\/sq\/wp-json\/wp\/v2\/categories?post=16021"},{"taxonomy":"post_tag","embeddable":true,"href":"http:\/\/syriivizionit.org\/sq\/wp-json\/wp\/v2\/tags?post=16021"}],"curies":[{"name":"wp","href":"https:\/\/api.w.org\/{rel}","templated":true}]}}