{"id":16046,"date":"2013-02-07T11:53:02","date_gmt":"2013-02-07T09:53:02","guid":{"rendered":"https:\/\/syrivizionit.org\/?p=16046"},"modified":"2024-06-27T15:53:17","modified_gmt":"2024-06-27T13:53:17","slug":"the-closing-conference-of-the-active-citizen-project-with-the-heads-of-local-communities","status":"publish","type":"post","link":"http:\/\/syriivizionit.org\/sq\/the-closing-conference-of-the-active-citizen-project-with-the-heads-of-local-communities\/activity\/","title":{"rendered":"Konferenca p\u00ebrmbyll\u00ebse e projektit \u201cQytetari Aktive\u201d me kryetar\u00ebt e bashk\u00ebsive lokale"},"content":{"rendered":"<div dir=\"auto\">\n<p>28 dhjetor 2012- Organizata Joqeveritare Syri i Vizionit ka mbajtur konferenc\u00ebn e fundit p\u00ebr p\u00ebrmbylljen e viti t\u00eb par\u00eb t\u00eb projektit  \u201cQytetari Aktive\u201d q\u00eb \u00ebsht\u00eb implmentuar n\u00eb komunat e Rrafshit t\u00eb Dukagjinit, q\u00eb ka pasur p\u00ebr q\u00ebllim aktivizimin dhe fuqizimin e qytetar\u00ebve n\u00eb adresimin e problematikave t\u00eb tyre drejt institucioneve. T\u00eb mbledhur n\u00eb k\u00ebt\u00eb konferenc\u00eb kryetar\u00ebt e k\u00ebtyre bashk\u00ebsive lokale p\u00ebrve\u00e7 q\u00eb kan\u00eb fal\u00ebnderuar organizat\u00ebn \u201cSyri i Vizionit\u201d, p\u00ebr mund\u00ebsit e ofruara n\u00eb fuqizimin e tyre n\u00eb adresim t\u00eb problematikave t\u00eb institucioneve. N\u00eb t\u00eb nj\u00ebjt\u00ebn koh\u00eb ata,  jan\u00eb zotuar se do t\u00eb jen\u00eb shum\u00eb m\u00eb t\u00eb fuqish\u00ebm n\u00eb adresimin dhe zgjidhjen e problematikave me t\u00eb cilat ata ballafaqohen \u00e7do dit\u00eb n\u00eb ato zona ku jetojn\u00eb.<\/p>\n<p>Organizata \u201cSyri iVizionit\u201d ka ndihmuar banor\u00ebt \u00eb bashk\u00ebsive lokale t\u00eb Rugov\u00ebs (Pej\u00eb),Vrell\u00ebs (Istog), Grabanic\u00eb (Klin\u00eb), Isniq (De\u00e7an) dhe Xerx\u00eb (Rahovec) q\u00ebt\u00eb riorganizohen n\u00eb k\u00ebshilla lokale dhe t\u00eb zgjedhin kryetar\u00ebt e tyre,jo politik\u00eb n\u00eb m\u00ebnyr\u00eb qe ata t\u2019i p\u00ebrfaq\u00ebsojn\u00eb t\u00eb gjith\u00eb banor\u00ebt e atyre zonave pa dallime politike, nacionale dhe fetare, q\u00eb t\u2019i adresojn\u00eb problematikat e  tyre n\u00eb institucionet gjegj\u00ebse. P\u00ebrve\u00e7 organizimit t\u00eb tyre si k\u00ebshilla lokale, atyre ju jan\u00eb ofruar edhe trajnime t\u00eb ndryshme si: Avokim, Shkrim t\u00eb projekt propozimeve dhe Ngritje t\u00eb fondeve, si dhe koh\u00eb pas koh\u00eb ata jan\u00eb ndihmuar nga zyra ndihm\u00ebse n\u00eb kuad\u00ebr t\u00eb organizat\u00ebs \u201cSyri i Vizionit\u201d q\u00eb t\u00eb adresojn\u00eb k\u00ebrkesa t\u00eb shumta n\u00eb institucione lokale.<\/p>\n<p>P\u00ebrve\u00e7 fuqizimit t\u00eb k\u00ebshillave lokale n\u00eb bashk\u00ebsit\u00eb lokale t\u00eb Rrafshit t\u00eb Dukagjinit \u201cSyri i Vizionit\u201d ka ndihmuar edhe n\u00eb fuqizimin e vet\u00eb organizatave t\u00eb shoq\u00ebris\u00eb civile t\u00eb k\u00ebtij rajoni, duke u ofruar trajnime profesionale n\u00eb fusha t\u00eb ndryshme dhe k\u00ebshilla t\u00eb koh\u00ebpaskohshme p\u00ebrmes zyr\u00ebs ndihm\u00ebse.<\/p>\n<p>Projekti \u201cQytetaria Aktivike\u201d i implemntuar nga Syri i Vizionit \u00ebsht\u00eb mb\u00ebshtetur financiarisht nga Olof Palme International Center  nga Suedia, dhe pse \u00ebsht\u00eb p\u00ebrfunduar viti i par\u00eb i implementimit, projekti do t\u00eb vazhdoj\u00eb edhe p\u00ebr vitin 2013, ku p\u00ebrve\u00e7 vazhdim\u00ebsis\u00eb n\u00eb fuqizim dhe mb\u00ebshtetje t\u00eb k\u00ebshillave lokale dhe shoq\u00ebris\u00eb civile rend\u00ebsi  t\u00eb ve\u00e7ant\u00eb do t'i kushtohet legjislacionit ku rregullohet bashk\u00ebpunimi i komun\u00ebs me  k\u00ebshillat lokale n\u00eb fshatra dhe zonat urbane, si\u00e7 parasheh ligji p\u00ebr vet\u00ebqeverisje lokale, udh\u00ebzimi administrativ dhe hartimit t\u00eb rregulloreve komunale lidhur m\u00eb k\u00ebt\u00eb \u00e7\u00ebshtje.<\/p>\n<\/div>\n<div dir=\"auto\">\n<p>________________<\/p>\n<\/div>","protected":false},"excerpt":{"rendered":"<p>December 28, 2012- The Non-Governmental Organization Syri i Vizioni held the last conference to conclude the first year of the &#8220;Active Citizen&#8221; project that was implemented in the municipalities of [&hellip;]<\/p>","protected":false},"author":1,"featured_media":16047,"comment_status":"closed","ping_status":"closed","sticky":false,"template":"","format":"standard","meta":{"_acf_changed":false,"footnotes":""},"categories":[155],"tags":[],"class_list":["post-16046","post","type-post","status-publish","format-standard","has-post-thumbnail","hentry","category-activity"],"acf":{"photo_gallery":{"gallery":[[{"id":16047,"title":"Konferenca p\u00ebrmbyll\u00ebse e projektit \u201cQytetari Aktive\u201d me kryetar\u00ebt e bashk\u00ebsive lokale","caption":"","full_image_url":"https:\/\/syriivizionit.org\/wp-content\/uploads\/2024\/06\/Konferenca-permbyllese-e-projektit-Qytetari-Aktive-me-kryetaret-e-bashkesive-lokale.jpg","thumbnail_image_url":"https:\/\/syriivizionit.org\/wp-content\/uploads\/2024\/06\/Konferenca-permbyllese-e-projektit-Qytetari-Aktive-me-kryetaret-e-bashkesive-lokale-150x150.jpg","large_srcset":"https:\/\/syriivizionit.org\/wp-content\/uploads\/2024\/06\/Konferenca-permbyllese-e-projektit-Qytetari-Aktive-me-kryetaret-e-bashkesive-lokale.jpg 670w, https:\/\/syriivizionit.org\/wp-content\/uploads\/2024\/06\/Konferenca-permbyllese-e-projektit-Qytetari-Aktive-me-kryetaret-e-bashkesive-lokale-300x116.jpg 300w, https:\/\/syriivizionit.org\/wp-content\/uploads\/2024\/06\/Konferenca-permbyllese-e-projektit-Qytetari-Aktive-me-kryetaret-e-bashkesive-lokale-18x7.jpg 18w","medium_srcset":"https:\/\/syriivizionit.org\/wp-content\/uploads\/2024\/06\/Konferenca-permbyllese-e-projektit-Qytetari-Aktive-me-kryetaret-e-bashkesive-lokale-300x116.jpg 300w, https:\/\/syriivizionit.org\/wp-content\/uploads\/2024\/06\/Konferenca-permbyllese-e-projektit-Qytetari-Aktive-me-kryetaret-e-bashkesive-lokale-18x7.jpg 18w, https:\/\/syriivizionit.org\/wp-content\/uploads\/2024\/06\/Konferenca-permbyllese-e-projektit-Qytetari-Aktive-me-kryetaret-e-bashkesive-lokale.jpg 670w","media_details":{"width":670,"height":260,"sizes":{"medium":{"file":"Konferenca-permbyllese-e-projektit-Qytetari-Aktive-me-kryetaret-e-bashkesive-lokale-300x116.jpg","width":300,"height":116,"mime-type":"image\/jpeg","filesize":9861,"source_url":"https:\/\/syriivizionit.org\/wp-content\/uploads\/2024\/06\/Konferenca-permbyllese-e-projektit-Qytetari-Aktive-me-kryetaret-e-bashkesive-lokale-300x116.jpg"},"thumbnail":{"file":"Konferenca-permbyllese-e-projektit-Qytetari-Aktive-me-kryetaret-e-bashkesive-lokale-150x150.jpg","width":150,"height":150,"mime-type":"image\/jpeg","filesize":5700,"source_url":"https:\/\/syriivizionit.org\/wp-content\/uploads\/2024\/06\/Konferenca-permbyllese-e-projektit-Qytetari-Aktive-me-kryetaret-e-bashkesive-lokale-150x150.jpg"},"trp-custom-language-flag":{"file":"Konferenca-permbyllese-e-projektit-Qytetari-Aktive-me-kryetaret-e-bashkesive-lokale-18x7.jpg","width":18,"height":7,"mime-type":"image\/jpeg","filesize":441,"source_url":"https:\/\/syriivizionit.org\/wp-content\/uploads\/2024\/06\/Konferenca-permbyllese-e-projektit-Qytetari-Aktive-me-kryetaret-e-bashkesive-lokale-18x7.jpg"},"risehand-blog-image-570-570":{"file":"Konferenca-permbyllese-e-projektit-Qytetari-Aktive-me-kryetaret-e-bashkesive-lokale-570x260.jpg","width":570,"height":260,"mime-type":"image\/jpeg","filesize":29588,"source_url":"https:\/\/syriivizionit.org\/wp-content\/uploads\/2024\/06\/Konferenca-permbyllese-e-projektit-Qytetari-Aktive-me-kryetaret-e-bashkesive-lokale-570x260.jpg"},"risehand-image-grid-400-425":{"file":"Konferenca-permbyllese-e-projektit-Qytetari-Aktive-me-kryetaret-e-bashkesive-lokale-400x260.jpg","width":400,"height":260,"mime-type":"image\/jpeg","filesize":20410,"source_url":"https:\/\/syriivizionit.org\/wp-content\/uploads\/2024\/06\/Konferenca-permbyllese-e-projektit-Qytetari-Aktive-me-kryetaret-e-bashkesive-lokale-400x260.jpg"},"risehand-image-370-270":{"file":"Konferenca-permbyllese-e-projektit-Qytetari-Aktive-me-kryetaret-e-bashkesive-lokale-370x260.jpg","width":370,"height":260,"mime-type":"image\/jpeg","filesize":19224,"source_url":"https:\/\/syriivizionit.org\/wp-content\/uploads\/2024\/06\/Konferenca-permbyllese-e-projektit-Qytetari-Aktive-me-kryetaret-e-bashkesive-lokale-370x260.jpg"},"risehand-image-570-570":{"file":"Konferenca-permbyllese-e-projektit-Qytetari-Aktive-me-kryetaret-e-bashkesive-lokale-570x260.jpg","width":570,"height":260,"mime-type":"image\/jpeg","filesize":29588,"source_url":"https:\/\/syriivizionit.org\/wp-content\/uploads\/2024\/06\/Konferenca-permbyllese-e-projektit-Qytetari-Aktive-me-kryetaret-e-bashkesive-lokale-570x260.jpg"},"risehand-image-370-320":{"file":"Konferenca-permbyllese-e-projektit-Qytetari-Aktive-me-kryetaret-e-bashkesive-lokale-370x260.jpg","width":370,"height":260,"mime-type":"image\/jpeg","filesize":19224,"source_url":"https:\/\/syriivizionit.org\/wp-content\/uploads\/2024\/06\/Konferenca-permbyllese-e-projektit-Qytetari-Aktive-me-kryetaret-e-bashkesive-lokale-370x260.jpg"},"risehand-image-500-500":{"file":"Konferenca-permbyllese-e-projektit-Qytetari-Aktive-me-kryetaret-e-bashkesive-lokale-500x260.jpg","width":500,"height":260,"mime-type":"image\/jpeg","filesize":26070,"source_url":"https:\/\/syriivizionit.org\/wp-content\/uploads\/2024\/06\/Konferenca-permbyllese-e-projektit-Qytetari-Aktive-me-kryetaret-e-bashkesive-lokale-500x260.jpg"},"risehand-image-100-100":{"file":"Konferenca-permbyllese-e-projektit-Qytetari-Aktive-me-kryetaret-e-bashkesive-lokale-100x100.jpg","width":100,"height":100,"mime-type":"image\/jpeg","filesize":3240,"source_url":"https:\/\/syriivizionit.org\/wp-content\/uploads\/2024\/06\/Konferenca-permbyllese-e-projektit-Qytetari-Aktive-me-kryetaret-e-bashkesive-lokale-100x100.jpg"}}},"alt_text":"","url":"","target":""}]]}},"_links":{"self":[{"href":"http:\/\/syriivizionit.org\/sq\/wp-json\/wp\/v2\/posts\/16046","targetHints":{"allow":["GET"]}}],"collection":[{"href":"http:\/\/syriivizionit.org\/sq\/wp-json\/wp\/v2\/posts"}],"about":[{"href":"http:\/\/syriivizionit.org\/sq\/wp-json\/wp\/v2\/types\/post"}],"author":[{"embeddable":true,"href":"http:\/\/syriivizionit.org\/sq\/wp-json\/wp\/v2\/users\/1"}],"replies":[{"embeddable":true,"href":"http:\/\/syriivizionit.org\/sq\/wp-json\/wp\/v2\/comments?post=16046"}],"version-history":[{"count":2,"href":"http:\/\/syriivizionit.org\/sq\/wp-json\/wp\/v2\/posts\/16046\/revisions"}],"predecessor-version":[{"id":16049,"href":"http:\/\/syriivizionit.org\/sq\/wp-json\/wp\/v2\/posts\/16046\/revisions\/16049"}],"wp:featuredmedia":[{"embeddable":true,"href":"http:\/\/syriivizionit.org\/sq\/wp-json\/wp\/v2\/media\/16047"}],"wp:attachment":[{"href":"http:\/\/syriivizionit.org\/sq\/wp-json\/wp\/v2\/media?parent=16046"}],"wp:term":[{"taxonomy":"category","embeddable":true,"href":"http:\/\/syriivizionit.org\/sq\/wp-json\/wp\/v2\/categories?post=16046"},{"taxonomy":"post_tag","embeddable":true,"href":"http:\/\/syriivizionit.org\/sq\/wp-json\/wp\/v2\/tags?post=16046"}],"curies":[{"name":"wp","href":"https:\/\/api.w.org\/{rel}","templated":true}]}}