{"id":16066,"date":"2012-12-05T16:09:40","date_gmt":"2012-12-05T14:09:40","guid":{"rendered":"https:\/\/syrivizionit.org\/?p=16066"},"modified":"2024-06-27T16:09:57","modified_gmt":"2024-06-27T14:09:57","slug":"training-for-the-protection-of-children-from-bullying-at-the-ramiz-sadiku-school-in-peja","status":"publish","type":"post","link":"http:\/\/syriivizionit.org\/sq\/training-for-the-protection-of-children-from-bullying-at-the-ramiz-sadiku-school-in-peja\/activity\/","title":{"rendered":"Trajnimi p\u00ebr mbrojtjen e f\u00ebmij\u00ebve nga ngacmimet, n\u00eb shkoll\u00eb \u201cRamiz Sadiku\u201d n\u00eb Pej\u00eb"},"content":{"rendered":"<div dir=\"auto\">\n<p>Mbahet trajnimi p\u00ebr ngacmimet dhe mbrojtja e f\u00ebmij\u00ebve nga to, me nx\u00ebn\u00ebsit e shkoll\u00ebs fillore \u201cRamiz Sadiku\u201d n\u00eb Pej\u00eb<\/p>\n<p>Pej\u00eb, 05 dhjetor- \u00cbsht\u00eb mbajtur trajnimi i radh\u00ebs me kryesin\u00eb e nx\u00ebn\u00ebsve t\u00eb klasave VI,VII,VIII dhe IX-t\u00eb t\u00eb shkoll\u00ebs fillore \u201cRamiz Sadiku\u201d n\u00eb Pej\u00eb. N\u00eb k\u00ebt\u00eb trajnim nx\u00ebn\u00ebsit kan\u00eb m\u00ebsuar m\u00eb shum\u00eb p\u00ebr format e ngacmimeve t\u00eb ndryshme q\u00eb ndikojn\u00eb n\u00eb zhvillimin normal t\u00eb f\u00ebmij\u00ebve qoft\u00eb nga ana e m\u00ebsimdh\u00ebn\u00ebsve, shok\u00ebve  apo shoqeve e tyre por edhe nga familjar\u00ebt e tyre, duke u shkaktuar atyre dhun\u00eb psikike, emocionale apo edhe fizike. Gjithashtu n\u00eb k\u00ebt\u00eb trajnim nx\u00ebn\u00ebsit  kan\u00eb ndar\u00eb p\u00ebrvojat e tyre t\u00eb ndryshme qoft\u00eb n\u00eb shkoll\u00eb, jasht\u00eb shkolle dhe n\u00eb familje, duke treguar q\u00eb ata shum\u00eb her\u00eb kan\u00eb qen\u00eb pjes\u00eb direkte apo indirekte e ngacmimeve q\u00eb u jan\u00eb b\u00ebr\u00eb atyre apo shok\u00ebve t\u00eb tyre t\u00eb klas\u00ebs, nga ana e m\u00ebsimdh\u00ebn\u00ebsve, vet\u00eb nx\u00ebn\u00ebsve por nganj\u00ebher\u00eb edhe t\u00eb vet\u00eb familjeve t\u00eb tyre.<br \/>\nGjithashtu nx\u00ebn\u00ebsit jan\u00eb informuar edhe p\u00ebr mekanizmat ekzistues qoft\u00eb brenda shkoll\u00ebs dhe jasht\u00eb shkoll\u00ebs ku do t\u00eb mund t\u2019i paraqesin rastet e ngacmimeve q\u00eb atyre apo shok\u00ebve dhe shoqeve t\u00eb tyre u b\u00ebhen gjat\u00eb q\u00ebndrimit n\u00eb shkoll\u00eb apo edhe jasht\u00eb shkoll\u00ebs.<br \/>\nKy trajnim, \u00ebsht\u00eb pjes\u00eb e aktiviteteve t\u00eb ndryshme q\u00eb organizata joqeveritare \u201cSyri i Vizionit\u201d mb\u00ebshtetur nga Save the Children International  \u00ebsht\u00eb duke realizuar programin p\u00ebr parandalimin e dhun\u00ebs dhe mbrojtjen e t\u00eb drejtave t\u00eb f\u00ebmij\u00ebve n\u00eb shkollat fillore. Projekti \u00ebsht\u00eb duke u realizuar n\u00eb shkollar Fillore Ramiz Sadiku dhe Lidhja e Prizrenit n\u00eb Pej\u00eb, si dhe n\u00eb shkollat fillore Mustafa Bakija dhe Emin Duraku n\u00eb Gjakov\u00eb. P\u00ebrve\u00e7 trajnimeve n\u00eb fusha t\u00eb ndryshme me nx\u00ebn\u00ebs, \u00ebsht\u00eb hartuar edhe kodi i mir\u00ebsjelljes s\u00eb shkollave. N\u00eb fund t\u00eb programit shkollat do t\u00eb mb\u00ebshteten me nj\u00eb grant simbolik q\u00eb ka p\u00ebr q\u00ebllim p\u00ebrmir\u00ebsimin e lirive dhe t\u00eb drejtave t\u00eb f\u00ebmij\u00ebve n\u00eb k\u00ebto shkolla.<\/p>\n<\/div>\n<div dir=\"auto\">\n<p>________________<\/p>\n<\/div>","protected":false},"excerpt":{"rendered":"<p>Training on bullying and protecting children from it is held with the students of the &#8220;Ramiz Sadiku&#8221; primary school in Peja Pej\u00eb, December 05- The next training was held with [&hellip;]<\/p>","protected":false},"author":1,"featured_media":16067,"comment_status":"closed","ping_status":"closed","sticky":false,"template":"","format":"standard","meta":{"_acf_changed":false,"footnotes":""},"categories":[155],"tags":[],"class_list":["post-16066","post","type-post","status-publish","format-standard","has-post-thumbnail","hentry","category-activity"],"acf":{"photo_gallery":{"gallery":[[{"id":16067,"title":"Trajnimi p\u00ebr mbrojtjen e f\u00ebmij\u00ebve nga ngacmimet, n\u00eb shkoll\u00eb \u201cRamiz Sadiku\u201d n\u00eb Pej\u00eb","caption":"","full_image_url":"https:\/\/syriivizionit.org\/wp-content\/uploads\/2024\/06\/Trajnimi-per-mbrojtjen-e-femijeve-nga-ngacmimet-ne-shkolle-Ramiz-Sadiku-ne-Peje.jpg","thumbnail_image_url":"https:\/\/syriivizionit.org\/wp-content\/uploads\/2024\/06\/Trajnimi-per-mbrojtjen-e-femijeve-nga-ngacmimet-ne-shkolle-Ramiz-Sadiku-ne-Peje-150x150.jpg","large_srcset":"https:\/\/syriivizionit.org\/wp-content\/uploads\/2024\/06\/Trajnimi-per-mbrojtjen-e-femijeve-nga-ngacmimet-ne-shkolle-Ramiz-Sadiku-ne-Peje.jpg 1024w, https:\/\/syriivizionit.org\/wp-content\/uploads\/2024\/06\/Trajnimi-per-mbrojtjen-e-femijeve-nga-ngacmimet-ne-shkolle-Ramiz-Sadiku-ne-Peje-300x200.jpg 300w, https:\/\/syriivizionit.org\/wp-content\/uploads\/2024\/06\/Trajnimi-per-mbrojtjen-e-femijeve-nga-ngacmimet-ne-shkolle-Ramiz-Sadiku-ne-Peje-768x512.jpg 768w, https:\/\/syriivizionit.org\/wp-content\/uploads\/2024\/06\/Trajnimi-per-mbrojtjen-e-femijeve-nga-ngacmimet-ne-shkolle-Ramiz-Sadiku-ne-Peje-18x12.jpg 18w","medium_srcset":"https:\/\/syriivizionit.org\/wp-content\/uploads\/2024\/06\/Trajnimi-per-mbrojtjen-e-femijeve-nga-ngacmimet-ne-shkolle-Ramiz-Sadiku-ne-Peje-300x200.jpg 300w, https:\/\/syriivizionit.org\/wp-content\/uploads\/2024\/06\/Trajnimi-per-mbrojtjen-e-femijeve-nga-ngacmimet-ne-shkolle-Ramiz-Sadiku-ne-Peje-768x512.jpg 768w, https:\/\/syriivizionit.org\/wp-content\/uploads\/2024\/06\/Trajnimi-per-mbrojtjen-e-femijeve-nga-ngacmimet-ne-shkolle-Ramiz-Sadiku-ne-Peje-18x12.jpg 18w, https:\/\/syriivizionit.org\/wp-content\/uploads\/2024\/06\/Trajnimi-per-mbrojtjen-e-femijeve-nga-ngacmimet-ne-shkolle-Ramiz-Sadiku-ne-Peje.jpg 1024w","media_details":{"width":1024,"height":683,"sizes":{"medium":{"file":"Trajnimi-per-mbrojtjen-e-femijeve-nga-ngacmimet-ne-shkolle-Ramiz-Sadiku-ne-Peje-300x200.jpg","width":300,"height":200,"mime-type":"image\/jpeg","filesize":23878,"source_url":"https:\/\/syriivizionit.org\/wp-content\/uploads\/2024\/06\/Trajnimi-per-mbrojtjen-e-femijeve-nga-ngacmimet-ne-shkolle-Ramiz-Sadiku-ne-Peje-300x200.jpg"},"thumbnail":{"file":"Trajnimi-per-mbrojtjen-e-femijeve-nga-ngacmimet-ne-shkolle-Ramiz-Sadiku-ne-Peje-150x150.jpg","width":150,"height":150,"mime-type":"image\/jpeg","filesize":15472,"source_url":"https:\/\/syriivizionit.org\/wp-content\/uploads\/2024\/06\/Trajnimi-per-mbrojtjen-e-femijeve-nga-ngacmimet-ne-shkolle-Ramiz-Sadiku-ne-Peje-150x150.jpg"},"medium_large":{"file":"Trajnimi-per-mbrojtjen-e-femijeve-nga-ngacmimet-ne-shkolle-Ramiz-Sadiku-ne-Peje-768x512.jpg","width":768,"height":512,"mime-type":"image\/jpeg","filesize":71629,"source_url":"https:\/\/syriivizionit.org\/wp-content\/uploads\/2024\/06\/Trajnimi-per-mbrojtjen-e-femijeve-nga-ngacmimet-ne-shkolle-Ramiz-Sadiku-ne-Peje-768x512.jpg"},"trp-custom-language-flag":{"file":"Trajnimi-per-mbrojtjen-e-femijeve-nga-ngacmimet-ne-shkolle-Ramiz-Sadiku-ne-Peje-18x12.jpg","width":18,"height":12,"mime-type":"image\/jpeg","filesize":9204,"source_url":"https:\/\/syriivizionit.org\/wp-content\/uploads\/2024\/06\/Trajnimi-per-mbrojtjen-e-femijeve-nga-ngacmimet-ne-shkolle-Ramiz-Sadiku-ne-Peje-18x12.jpg"},"risehand-blog-image-570-570":{"file":"Trajnimi-per-mbrojtjen-e-femijeve-nga-ngacmimet-ne-shkolle-Ramiz-Sadiku-ne-Peje-570x570.jpg","width":570,"height":570,"mime-type":"image\/jpeg","filesize":59432,"source_url":"https:\/\/syriivizionit.org\/wp-content\/uploads\/2024\/06\/Trajnimi-per-mbrojtjen-e-femijeve-nga-ngacmimet-ne-shkolle-Ramiz-Sadiku-ne-Peje-570x570.jpg"},"risehand-image-grid-400-425":{"file":"Trajnimi-per-mbrojtjen-e-femijeve-nga-ngacmimet-ne-shkolle-Ramiz-Sadiku-ne-Peje-400x425.jpg","width":400,"height":425,"mime-type":"image\/jpeg","filesize":39438,"source_url":"https:\/\/syriivizionit.org\/wp-content\/uploads\/2024\/06\/Trajnimi-per-mbrojtjen-e-femijeve-nga-ngacmimet-ne-shkolle-Ramiz-Sadiku-ne-Peje-400x425.jpg"},"risehand-image-370-270":{"file":"Trajnimi-per-mbrojtjen-e-femijeve-nga-ngacmimet-ne-shkolle-Ramiz-Sadiku-ne-Peje-370x270.jpg","width":370,"height":270,"mime-type":"image\/jpeg","filesize":30843,"source_url":"https:\/\/syriivizionit.org\/wp-content\/uploads\/2024\/06\/Trajnimi-per-mbrojtjen-e-femijeve-nga-ngacmimet-ne-shkolle-Ramiz-Sadiku-ne-Peje-370x270.jpg"},"risehand-image-570-570":{"file":"Trajnimi-per-mbrojtjen-e-femijeve-nga-ngacmimet-ne-shkolle-Ramiz-Sadiku-ne-Peje-570x570.jpg","width":570,"height":570,"mime-type":"image\/jpeg","filesize":59432,"source_url":"https:\/\/syriivizionit.org\/wp-content\/uploads\/2024\/06\/Trajnimi-per-mbrojtjen-e-femijeve-nga-ngacmimet-ne-shkolle-Ramiz-Sadiku-ne-Peje-570x570.jpg"},"risehand-image-370-320":{"file":"Trajnimi-per-mbrojtjen-e-femijeve-nga-ngacmimet-ne-shkolle-Ramiz-Sadiku-ne-Peje-370x320.jpg","width":370,"height":320,"mime-type":"image\/jpeg","filesize":33334,"source_url":"https:\/\/syriivizionit.org\/wp-content\/uploads\/2024\/06\/Trajnimi-per-mbrojtjen-e-femijeve-nga-ngacmimet-ne-shkolle-Ramiz-Sadiku-ne-Peje-370x320.jpg"},"risehand-image-500-500":{"file":"Trajnimi-per-mbrojtjen-e-femijeve-nga-ngacmimet-ne-shkolle-Ramiz-Sadiku-ne-Peje-500x500.jpg","width":500,"height":500,"mime-type":"image\/jpeg","filesize":50840,"source_url":"https:\/\/syriivizionit.org\/wp-content\/uploads\/2024\/06\/Trajnimi-per-mbrojtjen-e-femijeve-nga-ngacmimet-ne-shkolle-Ramiz-Sadiku-ne-Peje-500x500.jpg"},"risehand-image-100-100":{"file":"Trajnimi-per-mbrojtjen-e-femijeve-nga-ngacmimet-ne-shkolle-Ramiz-Sadiku-ne-Peje-100x100.jpg","width":100,"height":100,"mime-type":"image\/jpeg","filesize":12479,"source_url":"https:\/\/syriivizionit.org\/wp-content\/uploads\/2024\/06\/Trajnimi-per-mbrojtjen-e-femijeve-nga-ngacmimet-ne-shkolle-Ramiz-Sadiku-ne-Peje-100x100.jpg"}}},"alt_text":"","url":"","target":""}]]}},"_links":{"self":[{"href":"http:\/\/syriivizionit.org\/sq\/wp-json\/wp\/v2\/posts\/16066","targetHints":{"allow":["GET"]}}],"collection":[{"href":"http:\/\/syriivizionit.org\/sq\/wp-json\/wp\/v2\/posts"}],"about":[{"href":"http:\/\/syriivizionit.org\/sq\/wp-json\/wp\/v2\/types\/post"}],"author":[{"embeddable":true,"href":"http:\/\/syriivizionit.org\/sq\/wp-json\/wp\/v2\/users\/1"}],"replies":[{"embeddable":true,"href":"http:\/\/syriivizionit.org\/sq\/wp-json\/wp\/v2\/comments?post=16066"}],"version-history":[{"count":1,"href":"http:\/\/syriivizionit.org\/sq\/wp-json\/wp\/v2\/posts\/16066\/revisions"}],"predecessor-version":[{"id":16068,"href":"http:\/\/syriivizionit.org\/sq\/wp-json\/wp\/v2\/posts\/16066\/revisions\/16068"}],"wp:featuredmedia":[{"embeddable":true,"href":"http:\/\/syriivizionit.org\/sq\/wp-json\/wp\/v2\/media\/16067"}],"wp:attachment":[{"href":"http:\/\/syriivizionit.org\/sq\/wp-json\/wp\/v2\/media?parent=16066"}],"wp:term":[{"taxonomy":"category","embeddable":true,"href":"http:\/\/syriivizionit.org\/sq\/wp-json\/wp\/v2\/categories?post=16066"},{"taxonomy":"post_tag","embeddable":true,"href":"http:\/\/syriivizionit.org\/sq\/wp-json\/wp\/v2\/tags?post=16066"}],"curies":[{"name":"wp","href":"https:\/\/api.w.org\/{rel}","templated":true}]}}