{"id":16083,"date":"2012-11-03T16:24:36","date_gmt":"2012-11-03T14:24:36","guid":{"rendered":"https:\/\/syrivizionit.org\/?p=16083"},"modified":"2024-06-27T16:24:51","modified_gmt":"2024-06-27T14:24:51","slug":"conference-on-active-citizenship-2","status":"publish","type":"post","link":"http:\/\/syriivizionit.org\/sq\/conference-on-active-citizenship-2\/activity\/","title":{"rendered":"Konferenca me tem\u00ebn \u201cQytetaria Aktive\u201d"},"content":{"rendered":"<div dir=\"auto\">\n<p>Komunikat\u00eb p\u00ebr media<\/p>\n<p>Qytetaria Aktive Sfid\u00eb p\u00ebr Qeverin\u00eb dhe Komunat<\/p>\n<p>Prishtin\u00eb, 02 N\u00ebntor 2012 Organizata Joqeveritare Syri i Vizionit nga Peja, ka mbajtur konferenc\u00ebn me tem\u00ebn \u201cQytetaria Aktive\u201d ku ka publikuar edhe nj\u00eb raport mbi Qytetarin aktive. Konferenca \u00ebsht\u00eb mbajtur n\u00eb Prishtin\u00eb, ku kan\u00eb marr\u00eb pjes\u00eb p\u00ebrfaq\u00ebsues t\u00eb MAPL-s\u00eb, Asociacionit t\u00eb komunave t\u00eb Kosov\u00ebs, komunat e rrafshit t\u00eb Dukagjinit, shoq\u00ebria civile dhe p\u00ebrfaq\u00ebsues t\u00eb fshatrave dhe lagjeve t\u00eb komunave t\u00eb regjionit t\u00eb Pej\u00ebs dhe Prizrenit.<br \/>\nAktivizimi i qytetareve p\u00ebr t\u00eb qen\u00eb pjes\u00eb e proceseve vendimmarr\u00ebse dhe p\u00ebr t\u00eb adresuar problematikat e tyre tek institucionet ne nivel lokal dhe qendror mbetet nj\u00eb sfid\u00eb p\u00ebr Institucionet ne nivel lokal dhe at\u00eb qendror, u tha n\u00eb konferenc\u00eb.<br \/>\nAvni Sahiti, Drejtor i Departamentit p\u00ebr Hulumtime dhe Reform\u00eb t\u00eb Pushtetit Lokal nga MAPL-ja ka th\u00ebn\u00eb se \u201cKomunat kan\u00eb t\u00eb gjitha mekanizmat ligjore dhe mb\u00ebshtetjen e tyre p\u00ebr t\u00eb rregulluar bashk\u00ebpunimin e tyre si komuna me lider\u00ebt e fshatrave dhe lagjeve urbane, ashtu si\u00e7 parasheh ligji p\u00ebr vet\u00ebqeverisje lokale dhe udh\u00ebzimi administrativ, andaj ne si Ministri vazhdimisht ju ofrojm\u00eb ndihm\u00ebn q\u00eb ata k\u00ebrkojn\u00eb\u201d.Nd\u00ebrkoh\u00eb, zyrtar\u00ebt komunal\u00eb t\u00eb pranish\u00ebm n\u00eb k\u00ebt\u00eb takim jan\u00eb shprehur t\u00eb shqet\u00ebsuar se nuk do t\u00eb mund t\u00eb zbatojn\u00eb rregulloret p\u00ebr bashk\u00ebpunim t\u00eb komun\u00ebs me p\u00ebrfaq\u00ebsuesit e fshatrave dhe lagjeve urbane, pasi q\u00eb k\u00ebtyre personave duhet t\u00eb ju behet nj\u00eb lloj pagese apo stimulimi p\u00ebr angazhimin e tyre q\u00eb t\u00eb jen\u00eb aktiv\u00eb.<br \/>\nZekije Sutaj, nga Zyra Ligjore e komun\u00ebs s\u00eb Istogut, komun\u00eb kjo e cila n\u00eb korrik t\u00eb k\u00ebtij viti ka hartuar dhe miratuar rregulloren komunale ka th\u00ebn\u00eb se \u201cNe kemi miratuar rregulloren, por nuk kemi ndonj\u00eb linje buxhetore si mund t\u2019i paguaj p\u00ebrfaq\u00ebsuesit q\u00eb p\u00ebrzgjidhen n\u00eb fshatra dhe lagje urbane, sepse as n\u00eb ligjin p\u00ebr vet\u00ebqeverisje lokale e as n\u00eb udh\u00ebzimin administrativ nuk specifikohet se n\u00eb \u00e7far\u00eb forme mund t\u00eb paguhen k\u00ebta persona, por duhet Ministria e Financave dhe ajo e Pushtetit lokal t\u00eb hartojn\u00eb nj\u00eb linj\u00eb buxhetore q\u00eb komunave t\u00eb ju mund\u00ebsohet nj\u00eb stimulim p\u00ebr p\u00ebrfaq\u00ebsuesit apo t\u00eb p\u00ebrzgjedhurit e k\u00ebshillave lokale\u201d.<br \/>\nN\u00eb an\u00ebn tjet\u00ebr nga shoq\u00ebria civile dhe p\u00ebrfaq\u00ebsuesit e disa fshatrave dhe lagjeve urbane kan\u00eb th\u00ebn\u00eb se \u201cPatjet\u00ebr duhet stimulohen k\u00ebta lider apo p\u00ebrfaq\u00ebsues, sepse tashm\u00eb askush nuk d\u00ebshiron q\u00eb t\u00eb jap\u00eb m\u00eb kontribut vullnetar, por p\u00ebr t\u00eb pasur nj\u00eb qytetari aktive dhe lider\u00eb aktive q\u00eb m\u00eb koh\u00eb adresojn\u00eb problematikat e tyre drejt institucioneve duhet paguar apo stimuluar.<br \/>\nZyrtar\u00ebt nga Asociacioni i Komunave dhe MAPL-ja jan\u00eb zotuar se do ta adresojn\u00eb \u00e7\u00ebshtjen e pages\u00ebs edhe n\u00eb Qeveri q\u00eb t\u00eb shikohet mund\u00ebsi p\u00ebr p\u00ebrmir\u00ebsimin e bashk\u00ebpunimit t\u00eb komunave me qytetar\u00ebt e tyre.N\u00eb k\u00ebt\u00eb konferenc\u00eb \u00ebsht\u00eb publikuar edhe raporti \u201cQytetaria Aktive\u201d, raport ky i hartuar nga Organizata Joqeveritare Syri i Vizionit nga Peja, mb\u00ebshtetur nga Olof Palme International Center dhe SIDA.<\/p>\n<p>Me respekt,<\/p>\n<p>OJQ \u201cSyri i Vizionit\u201d<br \/>\nTel. +377(0)44695650<br \/>\nEmail: naser.lajqi@syriivizionit.org<br \/>\nwww.syriiivizioint.org<\/p>\n<\/div>\n<div dir=\"auto\">\n<p>________________<\/p>\n<\/div>","protected":false},"excerpt":{"rendered":"<p>Press release Active Citizenship Challenge for the Government and Municipalities Prishtina, November 2, 2012 The Non-Governmental Organization Syri i Vizioni from Peja, has held a conference on the topic &#8220;Active [&hellip;]<\/p>","protected":false},"author":1,"featured_media":16084,"comment_status":"closed","ping_status":"closed","sticky":false,"template":"","format":"standard","meta":{"_acf_changed":false,"footnotes":""},"categories":[155],"tags":[],"class_list":["post-16083","post","type-post","status-publish","format-standard","has-post-thumbnail","hentry","category-activity"],"acf":{"photo_gallery":{"gallery":[[{"id":16084,"title":"Konferenca-me-tem\u00ebn-\u201cQytetaria-Aktive\u201d","caption":"","full_image_url":"https:\/\/syriivizionit.org\/wp-content\/uploads\/2024\/06\/Konferenca-me-temen-Qytetaria-Aktive.png","thumbnail_image_url":"https:\/\/syriivizionit.org\/wp-content\/uploads\/2024\/06\/Konferenca-me-temen-Qytetaria-Aktive-150x150.png","large_srcset":"https:\/\/syriivizionit.org\/wp-content\/uploads\/2024\/06\/Konferenca-me-temen-Qytetaria-Aktive.png 670w, https:\/\/syriivizionit.org\/wp-content\/uploads\/2024\/06\/Konferenca-me-temen-Qytetaria-Aktive-300x116.png 300w, https:\/\/syriivizionit.org\/wp-content\/uploads\/2024\/06\/Konferenca-me-temen-Qytetaria-Aktive-18x7.png 18w","medium_srcset":"https:\/\/syriivizionit.org\/wp-content\/uploads\/2024\/06\/Konferenca-me-temen-Qytetaria-Aktive-300x116.png 300w, https:\/\/syriivizionit.org\/wp-content\/uploads\/2024\/06\/Konferenca-me-temen-Qytetaria-Aktive-18x7.png 18w, https:\/\/syriivizionit.org\/wp-content\/uploads\/2024\/06\/Konferenca-me-temen-Qytetaria-Aktive.png 670w","media_details":{"width":670,"height":260,"sizes":{"medium":{"file":"Konferenca-me-temen-Qytetaria-Aktive-300x116.png","width":300,"height":116,"mime-type":"image\/png","filesize":63159,"source_url":"https:\/\/syriivizionit.org\/wp-content\/uploads\/2024\/06\/Konferenca-me-temen-Qytetaria-Aktive-300x116.png"},"thumbnail":{"file":"Konferenca-me-temen-Qytetaria-Aktive-150x150.png","width":150,"height":150,"mime-type":"image\/png","filesize":42304,"source_url":"https:\/\/syriivizionit.org\/wp-content\/uploads\/2024\/06\/Konferenca-me-temen-Qytetaria-Aktive-150x150.png"},"trp-custom-language-flag":{"file":"Konferenca-me-temen-Qytetaria-Aktive-18x7.png","width":18,"height":7,"mime-type":"image\/png","filesize":601,"source_url":"https:\/\/syriivizionit.org\/wp-content\/uploads\/2024\/06\/Konferenca-me-temen-Qytetaria-Aktive-18x7.png"},"risehand-blog-image-570-570":{"file":"Konferenca-me-temen-Qytetaria-Aktive-570x260.png","width":570,"height":260,"mime-type":"image\/png","filesize":240933,"source_url":"https:\/\/syriivizionit.org\/wp-content\/uploads\/2024\/06\/Konferenca-me-temen-Qytetaria-Aktive-570x260.png"},"risehand-image-grid-400-425":{"file":"Konferenca-me-temen-Qytetaria-Aktive-400x260.png","width":400,"height":260,"mime-type":"image\/png","filesize":175006,"source_url":"https:\/\/syriivizionit.org\/wp-content\/uploads\/2024\/06\/Konferenca-me-temen-Qytetaria-Aktive-400x260.png"},"risehand-image-370-270":{"file":"Konferenca-me-temen-Qytetaria-Aktive-370x260.png","width":370,"height":260,"mime-type":"image\/png","filesize":162418,"source_url":"https:\/\/syriivizionit.org\/wp-content\/uploads\/2024\/06\/Konferenca-me-temen-Qytetaria-Aktive-370x260.png"},"risehand-image-570-570":{"file":"Konferenca-me-temen-Qytetaria-Aktive-570x260.png","width":570,"height":260,"mime-type":"image\/png","filesize":240933,"source_url":"https:\/\/syriivizionit.org\/wp-content\/uploads\/2024\/06\/Konferenca-me-temen-Qytetaria-Aktive-570x260.png"},"risehand-image-370-320":{"file":"Konferenca-me-temen-Qytetaria-Aktive-370x260.png","width":370,"height":260,"mime-type":"image\/png","filesize":162418,"source_url":"https:\/\/syriivizionit.org\/wp-content\/uploads\/2024\/06\/Konferenca-me-temen-Qytetaria-Aktive-370x260.png"},"risehand-image-500-500":{"file":"Konferenca-me-temen-Qytetaria-Aktive-500x260.png","width":500,"height":260,"mime-type":"image\/png","filesize":214788,"source_url":"https:\/\/syriivizionit.org\/wp-content\/uploads\/2024\/06\/Konferenca-me-temen-Qytetaria-Aktive-500x260.png"},"risehand-image-100-100":{"file":"Konferenca-me-temen-Qytetaria-Aktive-100x100.png","width":100,"height":100,"mime-type":"image\/png","filesize":20302,"source_url":"https:\/\/syriivizionit.org\/wp-content\/uploads\/2024\/06\/Konferenca-me-temen-Qytetaria-Aktive-100x100.png"}}},"alt_text":"","url":"","target":""}]]}},"_links":{"self":[{"href":"http:\/\/syriivizionit.org\/sq\/wp-json\/wp\/v2\/posts\/16083","targetHints":{"allow":["GET"]}}],"collection":[{"href":"http:\/\/syriivizionit.org\/sq\/wp-json\/wp\/v2\/posts"}],"about":[{"href":"http:\/\/syriivizionit.org\/sq\/wp-json\/wp\/v2\/types\/post"}],"author":[{"embeddable":true,"href":"http:\/\/syriivizionit.org\/sq\/wp-json\/wp\/v2\/users\/1"}],"replies":[{"embeddable":true,"href":"http:\/\/syriivizionit.org\/sq\/wp-json\/wp\/v2\/comments?post=16083"}],"version-history":[{"count":1,"href":"http:\/\/syriivizionit.org\/sq\/wp-json\/wp\/v2\/posts\/16083\/revisions"}],"predecessor-version":[{"id":16085,"href":"http:\/\/syriivizionit.org\/sq\/wp-json\/wp\/v2\/posts\/16083\/revisions\/16085"}],"wp:featuredmedia":[{"embeddable":true,"href":"http:\/\/syriivizionit.org\/sq\/wp-json\/wp\/v2\/media\/16084"}],"wp:attachment":[{"href":"http:\/\/syriivizionit.org\/sq\/wp-json\/wp\/v2\/media?parent=16083"}],"wp:term":[{"taxonomy":"category","embeddable":true,"href":"http:\/\/syriivizionit.org\/sq\/wp-json\/wp\/v2\/categories?post=16083"},{"taxonomy":"post_tag","embeddable":true,"href":"http:\/\/syriivizionit.org\/sq\/wp-json\/wp\/v2\/tags?post=16083"}],"curies":[{"name":"wp","href":"https:\/\/api.w.org\/{rel}","templated":true}]}}