{"id":16086,"date":"2012-11-01T16:27:20","date_gmt":"2012-11-01T14:27:20","guid":{"rendered":"https:\/\/syrivizionit.org\/?p=16086"},"modified":"2024-06-27T16:27:35","modified_gmt":"2024-06-27T14:27:35","slug":"a-regional-conference-is-held-for-the-exchange-of-experiences","status":"publish","type":"post","link":"http:\/\/syriivizionit.org\/sq\/a-regional-conference-is-held-for-the-exchange-of-experiences\/activity\/","title":{"rendered":"Mbahet konferenca rajonale p\u00ebr shk\u00ebmbim p\u00ebrvojash"},"content":{"rendered":"<div dir=\"auto\">\n<p>27-28 tetor 2012 \u2013 Syri i Vizionit dhe Solidar Suisse kan\u00eb organizuar konferenc\u00ebn regjionale me organizatat rinore nga Bosnje e Hercegovina, Serbia dhe Kosova, partnere n\u00eb projektet e mb\u00ebshtetura nga organizata zvicerane Solidar. Dita e par\u00eb e konferenc\u00ebs \u00ebsht\u00eb mbajtur n\u00eb Prishtin\u00eb, ku organizatat nga k\u00ebto shtete kan\u00eb b\u00ebr\u00eb prezantimin e pun\u00ebs se tyre nj\u00eb vje\u00e7are t\u00eb cil\u00ebn e kan\u00eb implementuar n\u00eb shtetet e tyre, n\u00eb projekte q\u00eb kan\u00eb t\u00eb b\u00ebjn\u00eb me tregun e lir\u00eb t\u00eb pun\u00ebs, aft\u00ebsimin  e t\u00eb rinjve p\u00ebr tregun e pun\u00ebs etj.<br \/>\nDit\u00ebn e dyt\u00eb organizatat kan\u00eb q\u00ebndruar n\u00eb Prizren, ku jan\u00eb takuar me p\u00ebrfaq\u00ebsues t\u00eb sindikatave, p\u00ebrfaq\u00ebsues nga Zyra e pun\u00ebsimit dhe aft\u00ebsimeve profesionale, p\u00ebrfaq\u00ebsues nga Drejtoria e arsimit si dhe organizata t\u00eb ndryshme lokale. Gjat\u00eb takimit \u00ebsht\u00eb biseduar p\u00ebr rolin dhe v\u00ebshtir\u00ebsit\u00eb qe kan\u00eb sindikatat, si dhe aft\u00ebsimin e t\u00eb rinjve p\u00ebr tregun e lir\u00eb t\u00eb pun\u00ebs dhe rolin e institucioneve n\u00eb ket\u00eb \u00e7\u00ebshtje.<br \/>\nKonferenca regjionale p\u00ebr shk\u00ebmbim t\u00eb p\u00ebrvojave n\u00eb mes t\u00eb organizatave rinore, \u00ebsht\u00eb p\u00ebrkrahur nga Solidar Suisse, q\u00eb sivjet p\u00ebr t\u00eb tretin vit q\u00eb mb\u00ebshtet\u00eb k\u00ebto organizata me projekte t\u00eb ndryshme.<\/p>\n<\/div>\n<div dir=\"auto\">\n<p>________________<\/p>\n<\/div>","protected":false},"excerpt":{"rendered":"<p>October 27-28, 2012 \u2013 Syri i Vizioni and Solidar Suisse have organized the regional conference with youth organizations from Bosnia and Herzegovina, Serbia and Kosovo, partners in the projects supported [&hellip;]<\/p>","protected":false},"author":1,"featured_media":16087,"comment_status":"closed","ping_status":"closed","sticky":false,"template":"","format":"standard","meta":{"_acf_changed":false,"footnotes":""},"categories":[155],"tags":[],"class_list":["post-16086","post","type-post","status-publish","format-standard","has-post-thumbnail","hentry","category-activity"],"acf":{"photo_gallery":{"gallery":[[{"id":16087,"title":"Mbahet konferenca rajonale p\u00ebr shk\u00ebmbim p\u00ebrvojash","caption":"","full_image_url":"https:\/\/syriivizionit.org\/wp-content\/uploads\/2024\/06\/Mbahet-konferenca-rajonale-per-shkembim-pervojash.jpg","thumbnail_image_url":"https:\/\/syriivizionit.org\/wp-content\/uploads\/2024\/06\/Mbahet-konferenca-rajonale-per-shkembim-pervojash-150x150.jpg","large_srcset":"https:\/\/syriivizionit.org\/wp-content\/uploads\/2024\/06\/Mbahet-konferenca-rajonale-per-shkembim-pervojash.jpg 1024w, https:\/\/syriivizionit.org\/wp-content\/uploads\/2024\/06\/Mbahet-konferenca-rajonale-per-shkembim-pervojash-300x200.jpg 300w, https:\/\/syriivizionit.org\/wp-content\/uploads\/2024\/06\/Mbahet-konferenca-rajonale-per-shkembim-pervojash-768x512.jpg 768w, https:\/\/syriivizionit.org\/wp-content\/uploads\/2024\/06\/Mbahet-konferenca-rajonale-per-shkembim-pervojash-18x12.jpg 18w","medium_srcset":"https:\/\/syriivizionit.org\/wp-content\/uploads\/2024\/06\/Mbahet-konferenca-rajonale-per-shkembim-pervojash-300x200.jpg 300w, https:\/\/syriivizionit.org\/wp-content\/uploads\/2024\/06\/Mbahet-konferenca-rajonale-per-shkembim-pervojash-768x512.jpg 768w, https:\/\/syriivizionit.org\/wp-content\/uploads\/2024\/06\/Mbahet-konferenca-rajonale-per-shkembim-pervojash-18x12.jpg 18w, https:\/\/syriivizionit.org\/wp-content\/uploads\/2024\/06\/Mbahet-konferenca-rajonale-per-shkembim-pervojash.jpg 1024w","media_details":{"width":1024,"height":683,"sizes":{"medium":{"file":"Mbahet-konferenca-rajonale-per-shkembim-pervojash-300x200.jpg","width":300,"height":200,"mime-type":"image\/jpeg","filesize":29538,"source_url":"https:\/\/syriivizionit.org\/wp-content\/uploads\/2024\/06\/Mbahet-konferenca-rajonale-per-shkembim-pervojash-300x200.jpg"},"thumbnail":{"file":"Mbahet-konferenca-rajonale-per-shkembim-pervojash-150x150.jpg","width":150,"height":150,"mime-type":"image\/jpeg","filesize":22129,"source_url":"https:\/\/syriivizionit.org\/wp-content\/uploads\/2024\/06\/Mbahet-konferenca-rajonale-per-shkembim-pervojash-150x150.jpg"},"medium_large":{"file":"Mbahet-konferenca-rajonale-per-shkembim-pervojash-768x512.jpg","width":768,"height":512,"mime-type":"image\/jpeg","filesize":73987,"source_url":"https:\/\/syriivizionit.org\/wp-content\/uploads\/2024\/06\/Mbahet-konferenca-rajonale-per-shkembim-pervojash-768x512.jpg"},"trp-custom-language-flag":{"file":"Mbahet-konferenca-rajonale-per-shkembim-pervojash-18x12.jpg","width":18,"height":12,"mime-type":"image\/jpeg","filesize":16619,"source_url":"https:\/\/syriivizionit.org\/wp-content\/uploads\/2024\/06\/Mbahet-konferenca-rajonale-per-shkembim-pervojash-18x12.jpg"},"risehand-blog-image-570-570":{"file":"Mbahet-konferenca-rajonale-per-shkembim-pervojash-570x570.jpg","width":570,"height":570,"mime-type":"image\/jpeg","filesize":64046,"source_url":"https:\/\/syriivizionit.org\/wp-content\/uploads\/2024\/06\/Mbahet-konferenca-rajonale-per-shkembim-pervojash-570x570.jpg"},"risehand-image-grid-400-425":{"file":"Mbahet-konferenca-rajonale-per-shkembim-pervojash-400x425.jpg","width":400,"height":425,"mime-type":"image\/jpeg","filesize":44542,"source_url":"https:\/\/syriivizionit.org\/wp-content\/uploads\/2024\/06\/Mbahet-konferenca-rajonale-per-shkembim-pervojash-400x425.jpg"},"risehand-image-370-270":{"file":"Mbahet-konferenca-rajonale-per-shkembim-pervojash-370x270.jpg","width":370,"height":270,"mime-type":"image\/jpeg","filesize":35946,"source_url":"https:\/\/syriivizionit.org\/wp-content\/uploads\/2024\/06\/Mbahet-konferenca-rajonale-per-shkembim-pervojash-370x270.jpg"},"risehand-image-570-570":{"file":"Mbahet-konferenca-rajonale-per-shkembim-pervojash-570x570.jpg","width":570,"height":570,"mime-type":"image\/jpeg","filesize":64046,"source_url":"https:\/\/syriivizionit.org\/wp-content\/uploads\/2024\/06\/Mbahet-konferenca-rajonale-per-shkembim-pervojash-570x570.jpg"},"risehand-image-370-320":{"file":"Mbahet-konferenca-rajonale-per-shkembim-pervojash-370x320.jpg","width":370,"height":320,"mime-type":"image\/jpeg","filesize":38160,"source_url":"https:\/\/syriivizionit.org\/wp-content\/uploads\/2024\/06\/Mbahet-konferenca-rajonale-per-shkembim-pervojash-370x320.jpg"},"risehand-image-500-500":{"file":"Mbahet-konferenca-rajonale-per-shkembim-pervojash-500x500.jpg","width":500,"height":500,"mime-type":"image\/jpeg","filesize":55489,"source_url":"https:\/\/syriivizionit.org\/wp-content\/uploads\/2024\/06\/Mbahet-konferenca-rajonale-per-shkembim-pervojash-500x500.jpg"},"risehand-image-100-100":{"file":"Mbahet-konferenca-rajonale-per-shkembim-pervojash-100x100.jpg","width":100,"height":100,"mime-type":"image\/jpeg","filesize":19410,"source_url":"https:\/\/syriivizionit.org\/wp-content\/uploads\/2024\/06\/Mbahet-konferenca-rajonale-per-shkembim-pervojash-100x100.jpg"}}},"alt_text":"","url":"","target":""}]]}},"_links":{"self":[{"href":"http:\/\/syriivizionit.org\/sq\/wp-json\/wp\/v2\/posts\/16086","targetHints":{"allow":["GET"]}}],"collection":[{"href":"http:\/\/syriivizionit.org\/sq\/wp-json\/wp\/v2\/posts"}],"about":[{"href":"http:\/\/syriivizionit.org\/sq\/wp-json\/wp\/v2\/types\/post"}],"author":[{"embeddable":true,"href":"http:\/\/syriivizionit.org\/sq\/wp-json\/wp\/v2\/users\/1"}],"replies":[{"embeddable":true,"href":"http:\/\/syriivizionit.org\/sq\/wp-json\/wp\/v2\/comments?post=16086"}],"version-history":[{"count":1,"href":"http:\/\/syriivizionit.org\/sq\/wp-json\/wp\/v2\/posts\/16086\/revisions"}],"predecessor-version":[{"id":16088,"href":"http:\/\/syriivizionit.org\/sq\/wp-json\/wp\/v2\/posts\/16086\/revisions\/16088"}],"wp:featuredmedia":[{"embeddable":true,"href":"http:\/\/syriivizionit.org\/sq\/wp-json\/wp\/v2\/media\/16087"}],"wp:attachment":[{"href":"http:\/\/syriivizionit.org\/sq\/wp-json\/wp\/v2\/media?parent=16086"}],"wp:term":[{"taxonomy":"category","embeddable":true,"href":"http:\/\/syriivizionit.org\/sq\/wp-json\/wp\/v2\/categories?post=16086"},{"taxonomy":"post_tag","embeddable":true,"href":"http:\/\/syriivizionit.org\/sq\/wp-json\/wp\/v2\/tags?post=16086"}],"curies":[{"name":"wp","href":"https:\/\/api.w.org\/{rel}","templated":true}]}}