{"id":11567,"date":"2021-05-25T09:55:25","date_gmt":"2021-05-25T07:55:25","guid":{"rendered":"https:\/\/syrivizionit.org\/?p=11567"},"modified":"2024-05-28T09:55:36","modified_gmt":"2024-05-28T07:55:36","slug":"the-career-center-and-the-kitchen-cabinet-are-inaugurated-at-the-kadri-kusari-school","status":"publish","type":"post","link":"http:\/\/syriivizionit.org\/sr\/the-career-center-and-the-kitchen-cabinet-are-inaugurated-at-the-kadri-kusari-school\/activity\/","title":{"rendered":"The Career Center and the Kitchen Cabinet are inaugurated at the &#8220;Kadri Kusari&#8221; school"},"content":{"rendered":"<div dir=\"auto\">\n<p>Gjakov\u00eb: The Eye of Vision organization in cooperation with the &#8220;Kadri Kusari&#8221; High School of Economics in Gjakov\u00eb organize the &#8220;Open Door Days&#8221; which will be held from May 26 to 28, 2021. This activity aims to get to know of parents, ninth graders, co-workers, businesses and anyone else who is interested in the school, its facilities, activities, directions as well as the employment and career development opportunities it offers to young students.<\/p>\n<p>Meanwhile, today, May 25, in the presence of the Ministry of Education, the Directorate of Education and many collaborators of this school, the inauguration of the Career Center and the Kitchen Cabinet was held, which were supported by the SEED Phase III project, which is implemented by the organizations Volkshilfe Solidarity and Eye of Vision with funding from the Austrian Development Agency &#8211; ADA.<\/p>\n<p>The new spaces inaugurated today will be an important support which will affect the professional development of both students and teachers of the school. The kitchen cabinet and the restaurant hall will enable students and teachers to carry out practical work within the school premises. This will have an impact on raising the skills of hotel and tourism management students and on the preparation of much-needed professional staff for this sector.<\/p>\n<p>On the other hand, the Career Center will provide support to the school in the career orientation of students by offering advice about the most sought-after professions as well as advising them on the use of their potential to achieve their career aspirations. This Center will cooperate with businesses by concluding agreements for practical work and opening new profiles according to the requirements of the labor market. She will also promote the school in fairs, social networks, primary schools, various activities as well as track\/accompany the students even after completing their secondary education.<\/p>\n<p>Use the &#8220;Open Days&#8221; as an opportunity to get to know the &#8220;Kadri Kusari&#8221; school better.<\/p>\n<\/div>\n<div dir=\"auto\">\n<p>________________<\/p>\n<\/div>","protected":false},"excerpt":{"rendered":"<p>Gjakov\u00eb: The Eye of Vision organization in cooperation with the &#8220;Kadri Kusari&#8221; High School of Economics in Gjakov\u00eb organize the &#8220;Open Door Days&#8221; which will be held from May 26 [&hellip;]<\/p>","protected":false},"author":1,"featured_media":11572,"comment_status":"closed","ping_status":"closed","sticky":false,"template":"","format":"standard","meta":{"_acf_changed":false,"footnotes":""},"categories":[155],"tags":[],"class_list":["post-11567","post","type-post","status-publish","format-standard","has-post-thumbnail","hentry","category-activity"],"acf":{"photo_gallery":{"gallery":[[{"id":11572,"title":"Inaugurohen Qendra e Karrier\u00ebs dhe Kabineti i Kuzhin\u00ebs n\u00eb shkoll\u00ebn \u201cKadri Kusari\u201d","caption":"","full_image_url":"https:\/\/syriivizionit.org\/wp-content\/uploads\/2024\/05\/Inaugurohen-Qendra-e-Karrieres-dhe-Kabineti-i-Kuzhines-ne-shkollen-Kadri-Kusari.jpg","thumbnail_image_url":"https:\/\/syriivizionit.org\/wp-content\/uploads\/2024\/05\/Inaugurohen-Qendra-e-Karrieres-dhe-Kabineti-i-Kuzhines-ne-shkollen-Kadri-Kusari-150x150.jpg","large_srcset":"https:\/\/syriivizionit.org\/wp-content\/uploads\/2024\/05\/Inaugurohen-Qendra-e-Karrieres-dhe-Kabineti-i-Kuzhines-ne-shkollen-Kadri-Kusari.jpg 670w, https:\/\/syriivizionit.org\/wp-content\/uploads\/2024\/05\/Inaugurohen-Qendra-e-Karrieres-dhe-Kabineti-i-Kuzhines-ne-shkollen-Kadri-Kusari-300x116.jpg 300w, https:\/\/syriivizionit.org\/wp-content\/uploads\/2024\/05\/Inaugurohen-Qendra-e-Karrieres-dhe-Kabineti-i-Kuzhines-ne-shkollen-Kadri-Kusari-18x7.jpg 18w","medium_srcset":"https:\/\/syriivizionit.org\/wp-content\/uploads\/2024\/05\/Inaugurohen-Qendra-e-Karrieres-dhe-Kabineti-i-Kuzhines-ne-shkollen-Kadri-Kusari-300x116.jpg 300w, https:\/\/syriivizionit.org\/wp-content\/uploads\/2024\/05\/Inaugurohen-Qendra-e-Karrieres-dhe-Kabineti-i-Kuzhines-ne-shkollen-Kadri-Kusari-18x7.jpg 18w, https:\/\/syriivizionit.org\/wp-content\/uploads\/2024\/05\/Inaugurohen-Qendra-e-Karrieres-dhe-Kabineti-i-Kuzhines-ne-shkollen-Kadri-Kusari.jpg 670w","media_details":{"width":670,"height":260,"sizes":{"medium":{"file":"Inaugurohen-Qendra-e-Karrieres-dhe-Kabineti-i-Kuzhines-ne-shkollen-Kadri-Kusari-300x116.jpg","width":300,"height":116,"mime-type":"image\/jpeg","filesize":9256,"source_url":"https:\/\/syriivizionit.org\/wp-content\/uploads\/2024\/05\/Inaugurohen-Qendra-e-Karrieres-dhe-Kabineti-i-Kuzhines-ne-shkollen-Kadri-Kusari-300x116.jpg"},"thumbnail":{"file":"Inaugurohen-Qendra-e-Karrieres-dhe-Kabineti-i-Kuzhines-ne-shkollen-Kadri-Kusari-150x150.jpg","width":150,"height":150,"mime-type":"image\/jpeg","filesize":5609,"source_url":"https:\/\/syriivizionit.org\/wp-content\/uploads\/2024\/05\/Inaugurohen-Qendra-e-Karrieres-dhe-Kabineti-i-Kuzhines-ne-shkollen-Kadri-Kusari-150x150.jpg"},"trp-custom-language-flag":{"file":"Inaugurohen-Qendra-e-Karrieres-dhe-Kabineti-i-Kuzhines-ne-shkollen-Kadri-Kusari-18x7.jpg","width":18,"height":7,"mime-type":"image\/jpeg","filesize":461,"source_url":"https:\/\/syriivizionit.org\/wp-content\/uploads\/2024\/05\/Inaugurohen-Qendra-e-Karrieres-dhe-Kabineti-i-Kuzhines-ne-shkollen-Kadri-Kusari-18x7.jpg"},"risehand-blog-image-570-570":{"file":"Inaugurohen-Qendra-e-Karrieres-dhe-Kabineti-i-Kuzhines-ne-shkollen-Kadri-Kusari-570x260.jpg","width":570,"height":260,"mime-type":"image\/jpeg","filesize":30030,"source_url":"https:\/\/syriivizionit.org\/wp-content\/uploads\/2024\/05\/Inaugurohen-Qendra-e-Karrieres-dhe-Kabineti-i-Kuzhines-ne-shkollen-Kadri-Kusari-570x260.jpg"},"risehand-image-grid-400-425":{"file":"Inaugurohen-Qendra-e-Karrieres-dhe-Kabineti-i-Kuzhines-ne-shkollen-Kadri-Kusari-400x260.jpg","width":400,"height":260,"mime-type":"image\/jpeg","filesize":20923,"source_url":"https:\/\/syriivizionit.org\/wp-content\/uploads\/2024\/05\/Inaugurohen-Qendra-e-Karrieres-dhe-Kabineti-i-Kuzhines-ne-shkollen-Kadri-Kusari-400x260.jpg"},"risehand-image-370-270":{"file":"Inaugurohen-Qendra-e-Karrieres-dhe-Kabineti-i-Kuzhines-ne-shkollen-Kadri-Kusari-370x260.jpg","width":370,"height":260,"mime-type":"image\/jpeg","filesize":19689,"source_url":"https:\/\/syriivizionit.org\/wp-content\/uploads\/2024\/05\/Inaugurohen-Qendra-e-Karrieres-dhe-Kabineti-i-Kuzhines-ne-shkollen-Kadri-Kusari-370x260.jpg"},"risehand-image-570-570":{"file":"Inaugurohen-Qendra-e-Karrieres-dhe-Kabineti-i-Kuzhines-ne-shkollen-Kadri-Kusari-570x260.jpg","width":570,"height":260,"mime-type":"image\/jpeg","filesize":30030,"source_url":"https:\/\/syriivizionit.org\/wp-content\/uploads\/2024\/05\/Inaugurohen-Qendra-e-Karrieres-dhe-Kabineti-i-Kuzhines-ne-shkollen-Kadri-Kusari-570x260.jpg"},"risehand-image-370-320":{"file":"Inaugurohen-Qendra-e-Karrieres-dhe-Kabineti-i-Kuzhines-ne-shkollen-Kadri-Kusari-370x260.jpg","width":370,"height":260,"mime-type":"image\/jpeg","filesize":19689,"source_url":"https:\/\/syriivizionit.org\/wp-content\/uploads\/2024\/05\/Inaugurohen-Qendra-e-Karrieres-dhe-Kabineti-i-Kuzhines-ne-shkollen-Kadri-Kusari-370x260.jpg"},"risehand-image-500-500":{"file":"Inaugurohen-Qendra-e-Karrieres-dhe-Kabineti-i-Kuzhines-ne-shkollen-Kadri-Kusari-500x260.jpg","width":500,"height":260,"mime-type":"image\/jpeg","filesize":25852,"source_url":"https:\/\/syriivizionit.org\/wp-content\/uploads\/2024\/05\/Inaugurohen-Qendra-e-Karrieres-dhe-Kabineti-i-Kuzhines-ne-shkollen-Kadri-Kusari-500x260.jpg"},"risehand-image-100-100":{"file":"Inaugurohen-Qendra-e-Karrieres-dhe-Kabineti-i-Kuzhines-ne-shkollen-Kadri-Kusari-100x100.jpg","width":100,"height":100,"mime-type":"image\/jpeg","filesize":3221,"source_url":"https:\/\/syriivizionit.org\/wp-content\/uploads\/2024\/05\/Inaugurohen-Qendra-e-Karrieres-dhe-Kabineti-i-Kuzhines-ne-shkollen-Kadri-Kusari-100x100.jpg"}}},"alt_text":"","url":"","target":""},{"id":11571,"title":"Inaugurohen Qendra e Karrier\u00ebs dhe Kabineti i Kuzhin\u00ebs n\u00eb shkoll\u00ebn \u201cKadri Kusari\u201d1","caption":"","full_image_url":"https:\/\/syriivizionit.org\/wp-content\/uploads\/2024\/05\/Inaugurohen-Qendra-e-Karrieres-dhe-Kabineti-i-Kuzhines-ne-shkollen-Kadri-Kusari1.jpg","thumbnail_image_url":"https:\/\/syriivizionit.org\/wp-content\/uploads\/2024\/05\/Inaugurohen-Qendra-e-Karrieres-dhe-Kabineti-i-Kuzhines-ne-shkollen-Kadri-Kusari1-150x150.jpg","large_srcset":"https:\/\/syriivizionit.org\/wp-content\/uploads\/2024\/05\/Inaugurohen-Qendra-e-Karrieres-dhe-Kabineti-i-Kuzhines-ne-shkollen-Kadri-Kusari1.jpg 600w, https:\/\/syriivizionit.org\/wp-content\/uploads\/2024\/05\/Inaugurohen-Qendra-e-Karrieres-dhe-Kabineti-i-Kuzhines-ne-shkollen-Kadri-Kusari1-300x200.jpg 300w, https:\/\/syriivizionit.org\/wp-content\/uploads\/2024\/05\/Inaugurohen-Qendra-e-Karrieres-dhe-Kabineti-i-Kuzhines-ne-shkollen-Kadri-Kusari1-18x12.jpg 18w","medium_srcset":"https:\/\/syriivizionit.org\/wp-content\/uploads\/2024\/05\/Inaugurohen-Qendra-e-Karrieres-dhe-Kabineti-i-Kuzhines-ne-shkollen-Kadri-Kusari1-300x200.jpg 300w, https:\/\/syriivizionit.org\/wp-content\/uploads\/2024\/05\/Inaugurohen-Qendra-e-Karrieres-dhe-Kabineti-i-Kuzhines-ne-shkollen-Kadri-Kusari1-18x12.jpg 18w, https:\/\/syriivizionit.org\/wp-content\/uploads\/2024\/05\/Inaugurohen-Qendra-e-Karrieres-dhe-Kabineti-i-Kuzhines-ne-shkollen-Kadri-Kusari1.jpg 600w","media_details":{"width":600,"height":400,"sizes":{"medium":{"file":"Inaugurohen-Qendra-e-Karrieres-dhe-Kabineti-i-Kuzhines-ne-shkollen-Kadri-Kusari1-300x200.jpg","width":300,"height":200,"mime-type":"image\/jpeg","filesize":12760,"source_url":"https:\/\/syriivizionit.org\/wp-content\/uploads\/2024\/05\/Inaugurohen-Qendra-e-Karrieres-dhe-Kabineti-i-Kuzhines-ne-shkollen-Kadri-Kusari1-300x200.jpg"},"thumbnail":{"file":"Inaugurohen-Qendra-e-Karrieres-dhe-Kabineti-i-Kuzhines-ne-shkollen-Kadri-Kusari1-150x150.jpg","width":150,"height":150,"mime-type":"image\/jpeg","filesize":6059,"source_url":"https:\/\/syriivizionit.org\/wp-content\/uploads\/2024\/05\/Inaugurohen-Qendra-e-Karrieres-dhe-Kabineti-i-Kuzhines-ne-shkollen-Kadri-Kusari1-150x150.jpg"},"trp-custom-language-flag":{"file":"Inaugurohen-Qendra-e-Karrieres-dhe-Kabineti-i-Kuzhines-ne-shkollen-Kadri-Kusari1-18x12.jpg","width":18,"height":12,"mime-type":"image\/jpeg","filesize":998,"source_url":"https:\/\/syriivizionit.org\/wp-content\/uploads\/2024\/05\/Inaugurohen-Qendra-e-Karrieres-dhe-Kabineti-i-Kuzhines-ne-shkollen-Kadri-Kusari1-18x12.jpg"},"risehand-blog-image-570-570":{"file":"Inaugurohen-Qendra-e-Karrieres-dhe-Kabineti-i-Kuzhines-ne-shkollen-Kadri-Kusari1-570x400.jpg","width":570,"height":400,"mime-type":"image\/jpeg","filesize":41264,"source_url":"https:\/\/syriivizionit.org\/wp-content\/uploads\/2024\/05\/Inaugurohen-Qendra-e-Karrieres-dhe-Kabineti-i-Kuzhines-ne-shkollen-Kadri-Kusari1-570x400.jpg"},"risehand-image-grid-400-425":{"file":"Inaugurohen-Qendra-e-Karrieres-dhe-Kabineti-i-Kuzhines-ne-shkollen-Kadri-Kusari1-400x400.jpg","width":400,"height":400,"mime-type":"image\/jpeg","filesize":28482,"source_url":"https:\/\/syriivizionit.org\/wp-content\/uploads\/2024\/05\/Inaugurohen-Qendra-e-Karrieres-dhe-Kabineti-i-Kuzhines-ne-shkollen-Kadri-Kusari1-400x400.jpg"},"risehand-image-370-270":{"file":"Inaugurohen-Qendra-e-Karrieres-dhe-Kabineti-i-Kuzhines-ne-shkollen-Kadri-Kusari1-370x270.jpg","width":370,"height":270,"mime-type":"image\/jpeg","filesize":19246,"source_url":"https:\/\/syriivizionit.org\/wp-content\/uploads\/2024\/05\/Inaugurohen-Qendra-e-Karrieres-dhe-Kabineti-i-Kuzhines-ne-shkollen-Kadri-Kusari1-370x270.jpg"},"risehand-image-570-570":{"file":"Inaugurohen-Qendra-e-Karrieres-dhe-Kabineti-i-Kuzhines-ne-shkollen-Kadri-Kusari1-570x400.jpg","width":570,"height":400,"mime-type":"image\/jpeg","filesize":41264,"source_url":"https:\/\/syriivizionit.org\/wp-content\/uploads\/2024\/05\/Inaugurohen-Qendra-e-Karrieres-dhe-Kabineti-i-Kuzhines-ne-shkollen-Kadri-Kusari1-570x400.jpg"},"risehand-image-370-320":{"file":"Inaugurohen-Qendra-e-Karrieres-dhe-Kabineti-i-Kuzhines-ne-shkollen-Kadri-Kusari1-370x320.jpg","width":370,"height":320,"mime-type":"image\/jpeg","filesize":21442,"source_url":"https:\/\/syriivizionit.org\/wp-content\/uploads\/2024\/05\/Inaugurohen-Qendra-e-Karrieres-dhe-Kabineti-i-Kuzhines-ne-shkollen-Kadri-Kusari1-370x320.jpg"},"risehand-image-500-500":{"file":"Inaugurohen-Qendra-e-Karrieres-dhe-Kabineti-i-Kuzhines-ne-shkollen-Kadri-Kusari1-500x400.jpg","width":500,"height":400,"mime-type":"image\/jpeg","filesize":35967,"source_url":"https:\/\/syriivizionit.org\/wp-content\/uploads\/2024\/05\/Inaugurohen-Qendra-e-Karrieres-dhe-Kabineti-i-Kuzhines-ne-shkollen-Kadri-Kusari1-500x400.jpg"},"risehand-image-100-100":{"file":"Inaugurohen-Qendra-e-Karrieres-dhe-Kabineti-i-Kuzhines-ne-shkollen-Kadri-Kusari1-100x100.jpg","width":100,"height":100,"mime-type":"image\/jpeg","filesize":3622,"source_url":"https:\/\/syriivizionit.org\/wp-content\/uploads\/2024\/05\/Inaugurohen-Qendra-e-Karrieres-dhe-Kabineti-i-Kuzhines-ne-shkollen-Kadri-Kusari1-100x100.jpg"}}},"alt_text":"","url":"","target":""},{"id":11570,"title":"Inaugurohen Qendra e Karrier\u00ebs dhe Kabineti i Kuzhin\u00ebs n\u00eb shkoll\u00ebn \u201cKadri Kusari\u201d2","caption":"","full_image_url":"https:\/\/syriivizionit.org\/wp-content\/uploads\/2024\/05\/Inaugurohen-Qendra-e-Karrieres-dhe-Kabineti-i-Kuzhines-ne-shkollen-Kadri-Kusari2.jpg","thumbnail_image_url":"https:\/\/syriivizionit.org\/wp-content\/uploads\/2024\/05\/Inaugurohen-Qendra-e-Karrieres-dhe-Kabineti-i-Kuzhines-ne-shkollen-Kadri-Kusari2-150x150.jpg","large_srcset":"https:\/\/syriivizionit.org\/wp-content\/uploads\/2024\/05\/Inaugurohen-Qendra-e-Karrieres-dhe-Kabineti-i-Kuzhines-ne-shkollen-Kadri-Kusari2.jpg 600w, https:\/\/syriivizionit.org\/wp-content\/uploads\/2024\/05\/Inaugurohen-Qendra-e-Karrieres-dhe-Kabineti-i-Kuzhines-ne-shkollen-Kadri-Kusari2-300x200.jpg 300w, https:\/\/syriivizionit.org\/wp-content\/uploads\/2024\/05\/Inaugurohen-Qendra-e-Karrieres-dhe-Kabineti-i-Kuzhines-ne-shkollen-Kadri-Kusari2-18x12.jpg 18w","medium_srcset":"https:\/\/syriivizionit.org\/wp-content\/uploads\/2024\/05\/Inaugurohen-Qendra-e-Karrieres-dhe-Kabineti-i-Kuzhines-ne-shkollen-Kadri-Kusari2-300x200.jpg 300w, https:\/\/syriivizionit.org\/wp-content\/uploads\/2024\/05\/Inaugurohen-Qendra-e-Karrieres-dhe-Kabineti-i-Kuzhines-ne-shkollen-Kadri-Kusari2-18x12.jpg 18w, https:\/\/syriivizionit.org\/wp-content\/uploads\/2024\/05\/Inaugurohen-Qendra-e-Karrieres-dhe-Kabineti-i-Kuzhines-ne-shkollen-Kadri-Kusari2.jpg 600w","media_details":{"width":600,"height":400,"sizes":{"medium":{"file":"Inaugurohen-Qendra-e-Karrieres-dhe-Kabineti-i-Kuzhines-ne-shkollen-Kadri-Kusari2-300x200.jpg","width":300,"height":200,"mime-type":"image\/jpeg","filesize":11805,"source_url":"https:\/\/syriivizionit.org\/wp-content\/uploads\/2024\/05\/Inaugurohen-Qendra-e-Karrieres-dhe-Kabineti-i-Kuzhines-ne-shkollen-Kadri-Kusari2-300x200.jpg"},"thumbnail":{"file":"Inaugurohen-Qendra-e-Karrieres-dhe-Kabineti-i-Kuzhines-ne-shkollen-Kadri-Kusari2-150x150.jpg","width":150,"height":150,"mime-type":"image\/jpeg","filesize":5736,"source_url":"https:\/\/syriivizionit.org\/wp-content\/uploads\/2024\/05\/Inaugurohen-Qendra-e-Karrieres-dhe-Kabineti-i-Kuzhines-ne-shkollen-Kadri-Kusari2-150x150.jpg"},"trp-custom-language-flag":{"file":"Inaugurohen-Qendra-e-Karrieres-dhe-Kabineti-i-Kuzhines-ne-shkollen-Kadri-Kusari2-18x12.jpg","width":18,"height":12,"mime-type":"image\/jpeg","filesize":991,"source_url":"https:\/\/syriivizionit.org\/wp-content\/uploads\/2024\/05\/Inaugurohen-Qendra-e-Karrieres-dhe-Kabineti-i-Kuzhines-ne-shkollen-Kadri-Kusari2-18x12.jpg"},"risehand-blog-image-570-570":{"file":"Inaugurohen-Qendra-e-Karrieres-dhe-Kabineti-i-Kuzhines-ne-shkollen-Kadri-Kusari2-570x400.jpg","width":570,"height":400,"mime-type":"image\/jpeg","filesize":35442,"source_url":"https:\/\/syriivizionit.org\/wp-content\/uploads\/2024\/05\/Inaugurohen-Qendra-e-Karrieres-dhe-Kabineti-i-Kuzhines-ne-shkollen-Kadri-Kusari2-570x400.jpg"},"risehand-image-grid-400-425":{"file":"Inaugurohen-Qendra-e-Karrieres-dhe-Kabineti-i-Kuzhines-ne-shkollen-Kadri-Kusari2-400x400.jpg","width":400,"height":400,"mime-type":"image\/jpeg","filesize":25989,"source_url":"https:\/\/syriivizionit.org\/wp-content\/uploads\/2024\/05\/Inaugurohen-Qendra-e-Karrieres-dhe-Kabineti-i-Kuzhines-ne-shkollen-Kadri-Kusari2-400x400.jpg"},"risehand-image-370-270":{"file":"Inaugurohen-Qendra-e-Karrieres-dhe-Kabineti-i-Kuzhines-ne-shkollen-Kadri-Kusari2-370x270.jpg","width":370,"height":270,"mime-type":"image\/jpeg","filesize":17690,"source_url":"https:\/\/syriivizionit.org\/wp-content\/uploads\/2024\/05\/Inaugurohen-Qendra-e-Karrieres-dhe-Kabineti-i-Kuzhines-ne-shkollen-Kadri-Kusari2-370x270.jpg"},"risehand-image-570-570":{"file":"Inaugurohen-Qendra-e-Karrieres-dhe-Kabineti-i-Kuzhines-ne-shkollen-Kadri-Kusari2-570x400.jpg","width":570,"height":400,"mime-type":"image\/jpeg","filesize":35442,"source_url":"https:\/\/syriivizionit.org\/wp-content\/uploads\/2024\/05\/Inaugurohen-Qendra-e-Karrieres-dhe-Kabineti-i-Kuzhines-ne-shkollen-Kadri-Kusari2-570x400.jpg"},"risehand-image-370-320":{"file":"Inaugurohen-Qendra-e-Karrieres-dhe-Kabineti-i-Kuzhines-ne-shkollen-Kadri-Kusari2-370x320.jpg","width":370,"height":320,"mime-type":"image\/jpeg","filesize":20062,"source_url":"https:\/\/syriivizionit.org\/wp-content\/uploads\/2024\/05\/Inaugurohen-Qendra-e-Karrieres-dhe-Kabineti-i-Kuzhines-ne-shkollen-Kadri-Kusari2-370x320.jpg"},"risehand-image-500-500":{"file":"Inaugurohen-Qendra-e-Karrieres-dhe-Kabineti-i-Kuzhines-ne-shkollen-Kadri-Kusari2-500x400.jpg","width":500,"height":400,"mime-type":"image\/jpeg","filesize":32843,"source_url":"https:\/\/syriivizionit.org\/wp-content\/uploads\/2024\/05\/Inaugurohen-Qendra-e-Karrieres-dhe-Kabineti-i-Kuzhines-ne-shkollen-Kadri-Kusari2-500x400.jpg"},"risehand-image-100-100":{"file":"Inaugurohen-Qendra-e-Karrieres-dhe-Kabineti-i-Kuzhines-ne-shkollen-Kadri-Kusari2-100x100.jpg","width":100,"height":100,"mime-type":"image\/jpeg","filesize":3535,"source_url":"https:\/\/syriivizionit.org\/wp-content\/uploads\/2024\/05\/Inaugurohen-Qendra-e-Karrieres-dhe-Kabineti-i-Kuzhines-ne-shkollen-Kadri-Kusari2-100x100.jpg"}}},"alt_text":"","url":"","target":""},{"id":11569,"title":"Inaugurohen Qendra e Karrier\u00ebs dhe Kabineti i Kuzhin\u00ebs n\u00eb shkoll\u00ebn \u201cKadri Kusari\u201d4","caption":"","full_image_url":"https:\/\/syriivizionit.org\/wp-content\/uploads\/2024\/05\/Inaugurohen-Qendra-e-Karrieres-dhe-Kabineti-i-Kuzhines-ne-shkollen-Kadri-Kusari4.jpg","thumbnail_image_url":"https:\/\/syriivizionit.org\/wp-content\/uploads\/2024\/05\/Inaugurohen-Qendra-e-Karrieres-dhe-Kabineti-i-Kuzhines-ne-shkollen-Kadri-Kusari4-150x150.jpg","large_srcset":"https:\/\/syriivizionit.org\/wp-content\/uploads\/2024\/05\/Inaugurohen-Qendra-e-Karrieres-dhe-Kabineti-i-Kuzhines-ne-shkollen-Kadri-Kusari4.jpg 600w, https:\/\/syriivizionit.org\/wp-content\/uploads\/2024\/05\/Inaugurohen-Qendra-e-Karrieres-dhe-Kabineti-i-Kuzhines-ne-shkollen-Kadri-Kusari4-300x200.jpg 300w, https:\/\/syriivizionit.org\/wp-content\/uploads\/2024\/05\/Inaugurohen-Qendra-e-Karrieres-dhe-Kabineti-i-Kuzhines-ne-shkollen-Kadri-Kusari4-18x12.jpg 18w","medium_srcset":"https:\/\/syriivizionit.org\/wp-content\/uploads\/2024\/05\/Inaugurohen-Qendra-e-Karrieres-dhe-Kabineti-i-Kuzhines-ne-shkollen-Kadri-Kusari4-300x200.jpg 300w, https:\/\/syriivizionit.org\/wp-content\/uploads\/2024\/05\/Inaugurohen-Qendra-e-Karrieres-dhe-Kabineti-i-Kuzhines-ne-shkollen-Kadri-Kusari4-18x12.jpg 18w, https:\/\/syriivizionit.org\/wp-content\/uploads\/2024\/05\/Inaugurohen-Qendra-e-Karrieres-dhe-Kabineti-i-Kuzhines-ne-shkollen-Kadri-Kusari4.jpg 600w","media_details":{"width":600,"height":400,"sizes":{"medium":{"file":"Inaugurohen-Qendra-e-Karrieres-dhe-Kabineti-i-Kuzhines-ne-shkollen-Kadri-Kusari4-300x200.jpg","width":300,"height":200,"mime-type":"image\/jpeg","filesize":13522,"source_url":"https:\/\/syriivizionit.org\/wp-content\/uploads\/2024\/05\/Inaugurohen-Qendra-e-Karrieres-dhe-Kabineti-i-Kuzhines-ne-shkollen-Kadri-Kusari4-300x200.jpg"},"thumbnail":{"file":"Inaugurohen-Qendra-e-Karrieres-dhe-Kabineti-i-Kuzhines-ne-shkollen-Kadri-Kusari4-150x150.jpg","width":150,"height":150,"mime-type":"image\/jpeg","filesize":7259,"source_url":"https:\/\/syriivizionit.org\/wp-content\/uploads\/2024\/05\/Inaugurohen-Qendra-e-Karrieres-dhe-Kabineti-i-Kuzhines-ne-shkollen-Kadri-Kusari4-150x150.jpg"},"trp-custom-language-flag":{"file":"Inaugurohen-Qendra-e-Karrieres-dhe-Kabineti-i-Kuzhines-ne-shkollen-Kadri-Kusari4-18x12.jpg","width":18,"height":12,"mime-type":"image\/jpeg","filesize":1019,"source_url":"https:\/\/syriivizionit.org\/wp-content\/uploads\/2024\/05\/Inaugurohen-Qendra-e-Karrieres-dhe-Kabineti-i-Kuzhines-ne-shkollen-Kadri-Kusari4-18x12.jpg"},"risehand-blog-image-570-570":{"file":"Inaugurohen-Qendra-e-Karrieres-dhe-Kabineti-i-Kuzhines-ne-shkollen-Kadri-Kusari4-570x400.jpg","width":570,"height":400,"mime-type":"image\/jpeg","filesize":38321,"source_url":"https:\/\/syriivizionit.org\/wp-content\/uploads\/2024\/05\/Inaugurohen-Qendra-e-Karrieres-dhe-Kabineti-i-Kuzhines-ne-shkollen-Kadri-Kusari4-570x400.jpg"},"risehand-image-grid-400-425":{"file":"Inaugurohen-Qendra-e-Karrieres-dhe-Kabineti-i-Kuzhines-ne-shkollen-Kadri-Kusari4-400x400.jpg","width":400,"height":400,"mime-type":"image\/jpeg","filesize":31713,"source_url":"https:\/\/syriivizionit.org\/wp-content\/uploads\/2024\/05\/Inaugurohen-Qendra-e-Karrieres-dhe-Kabineti-i-Kuzhines-ne-shkollen-Kadri-Kusari4-400x400.jpg"},"risehand-image-370-270":{"file":"Inaugurohen-Qendra-e-Karrieres-dhe-Kabineti-i-Kuzhines-ne-shkollen-Kadri-Kusari4-370x270.jpg","width":370,"height":270,"mime-type":"image\/jpeg","filesize":20124,"source_url":"https:\/\/syriivizionit.org\/wp-content\/uploads\/2024\/05\/Inaugurohen-Qendra-e-Karrieres-dhe-Kabineti-i-Kuzhines-ne-shkollen-Kadri-Kusari4-370x270.jpg"},"risehand-image-570-570":{"file":"Inaugurohen-Qendra-e-Karrieres-dhe-Kabineti-i-Kuzhines-ne-shkollen-Kadri-Kusari4-570x400.jpg","width":570,"height":400,"mime-type":"image\/jpeg","filesize":38321,"source_url":"https:\/\/syriivizionit.org\/wp-content\/uploads\/2024\/05\/Inaugurohen-Qendra-e-Karrieres-dhe-Kabineti-i-Kuzhines-ne-shkollen-Kadri-Kusari4-570x400.jpg"},"risehand-image-370-320":{"file":"Inaugurohen-Qendra-e-Karrieres-dhe-Kabineti-i-Kuzhines-ne-shkollen-Kadri-Kusari4-370x320.jpg","width":370,"height":320,"mime-type":"image\/jpeg","filesize":23044,"source_url":"https:\/\/syriivizionit.org\/wp-content\/uploads\/2024\/05\/Inaugurohen-Qendra-e-Karrieres-dhe-Kabineti-i-Kuzhines-ne-shkollen-Kadri-Kusari4-370x320.jpg"},"risehand-image-500-500":{"file":"Inaugurohen-Qendra-e-Karrieres-dhe-Kabineti-i-Kuzhines-ne-shkollen-Kadri-Kusari4-500x400.jpg","width":500,"height":400,"mime-type":"image\/jpeg","filesize":36162,"source_url":"https:\/\/syriivizionit.org\/wp-content\/uploads\/2024\/05\/Inaugurohen-Qendra-e-Karrieres-dhe-Kabineti-i-Kuzhines-ne-shkollen-Kadri-Kusari4-500x400.jpg"},"risehand-image-100-100":{"file":"Inaugurohen-Qendra-e-Karrieres-dhe-Kabineti-i-Kuzhines-ne-shkollen-Kadri-Kusari4-100x100.jpg","width":100,"height":100,"mime-type":"image\/jpeg","filesize":4327,"source_url":"https:\/\/syriivizionit.org\/wp-content\/uploads\/2024\/05\/Inaugurohen-Qendra-e-Karrieres-dhe-Kabineti-i-Kuzhines-ne-shkollen-Kadri-Kusari4-100x100.jpg"}}},"alt_text":"","url":"","target":""},{"id":11568,"title":"Inaugurohen Qendra e Karrier\u00ebs dhe Kabineti i Kuzhin\u00ebs n\u00eb shkoll\u00ebn \u201cKadri Kusari\u201d3","caption":"","full_image_url":"https:\/\/syriivizionit.org\/wp-content\/uploads\/2024\/05\/Inaugurohen-Qendra-e-Karrieres-dhe-Kabineti-i-Kuzhines-ne-shkollen-Kadri-Kusari3.jpg","thumbnail_image_url":"https:\/\/syriivizionit.org\/wp-content\/uploads\/2024\/05\/Inaugurohen-Qendra-e-Karrieres-dhe-Kabineti-i-Kuzhines-ne-shkollen-Kadri-Kusari3-150x150.jpg","large_srcset":"https:\/\/syriivizionit.org\/wp-content\/uploads\/2024\/05\/Inaugurohen-Qendra-e-Karrieres-dhe-Kabineti-i-Kuzhines-ne-shkollen-Kadri-Kusari3.jpg 600w, https:\/\/syriivizionit.org\/wp-content\/uploads\/2024\/05\/Inaugurohen-Qendra-e-Karrieres-dhe-Kabineti-i-Kuzhines-ne-shkollen-Kadri-Kusari3-300x200.jpg 300w, https:\/\/syriivizionit.org\/wp-content\/uploads\/2024\/05\/Inaugurohen-Qendra-e-Karrieres-dhe-Kabineti-i-Kuzhines-ne-shkollen-Kadri-Kusari3-18x12.jpg 18w","medium_srcset":"https:\/\/syriivizionit.org\/wp-content\/uploads\/2024\/05\/Inaugurohen-Qendra-e-Karrieres-dhe-Kabineti-i-Kuzhines-ne-shkollen-Kadri-Kusari3-300x200.jpg 300w, https:\/\/syriivizionit.org\/wp-content\/uploads\/2024\/05\/Inaugurohen-Qendra-e-Karrieres-dhe-Kabineti-i-Kuzhines-ne-shkollen-Kadri-Kusari3-18x12.jpg 18w, https:\/\/syriivizionit.org\/wp-content\/uploads\/2024\/05\/Inaugurohen-Qendra-e-Karrieres-dhe-Kabineti-i-Kuzhines-ne-shkollen-Kadri-Kusari3.jpg 600w","media_details":{"width":600,"height":400,"sizes":{"medium":{"file":"Inaugurohen-Qendra-e-Karrieres-dhe-Kabineti-i-Kuzhines-ne-shkollen-Kadri-Kusari3-300x200.jpg","width":300,"height":200,"mime-type":"image\/jpeg","filesize":9080,"source_url":"https:\/\/syriivizionit.org\/wp-content\/uploads\/2024\/05\/Inaugurohen-Qendra-e-Karrieres-dhe-Kabineti-i-Kuzhines-ne-shkollen-Kadri-Kusari3-300x200.jpg"},"thumbnail":{"file":"Inaugurohen-Qendra-e-Karrieres-dhe-Kabineti-i-Kuzhines-ne-shkollen-Kadri-Kusari3-150x150.jpg","width":150,"height":150,"mime-type":"image\/jpeg","filesize":5785,"source_url":"https:\/\/syriivizionit.org\/wp-content\/uploads\/2024\/05\/Inaugurohen-Qendra-e-Karrieres-dhe-Kabineti-i-Kuzhines-ne-shkollen-Kadri-Kusari3-150x150.jpg"},"trp-custom-language-flag":{"file":"Inaugurohen-Qendra-e-Karrieres-dhe-Kabineti-i-Kuzhines-ne-shkollen-Kadri-Kusari3-18x12.jpg","width":18,"height":12,"mime-type":"image\/jpeg","filesize":973,"source_url":"https:\/\/syriivizionit.org\/wp-content\/uploads\/2024\/05\/Inaugurohen-Qendra-e-Karrieres-dhe-Kabineti-i-Kuzhines-ne-shkollen-Kadri-Kusari3-18x12.jpg"},"risehand-blog-image-570-570":{"file":"Inaugurohen-Qendra-e-Karrieres-dhe-Kabineti-i-Kuzhines-ne-shkollen-Kadri-Kusari3-570x400.jpg","width":570,"height":400,"mime-type":"image\/jpeg","filesize":26427,"source_url":"https:\/\/syriivizionit.org\/wp-content\/uploads\/2024\/05\/Inaugurohen-Qendra-e-Karrieres-dhe-Kabineti-i-Kuzhines-ne-shkollen-Kadri-Kusari3-570x400.jpg"},"risehand-image-grid-400-425":{"file":"Inaugurohen-Qendra-e-Karrieres-dhe-Kabineti-i-Kuzhines-ne-shkollen-Kadri-Kusari3-400x400.jpg","width":400,"height":400,"mime-type":"image\/jpeg","filesize":25219,"source_url":"https:\/\/syriivizionit.org\/wp-content\/uploads\/2024\/05\/Inaugurohen-Qendra-e-Karrieres-dhe-Kabineti-i-Kuzhines-ne-shkollen-Kadri-Kusari3-400x400.jpg"},"risehand-image-370-270":{"file":"Inaugurohen-Qendra-e-Karrieres-dhe-Kabineti-i-Kuzhines-ne-shkollen-Kadri-Kusari3-370x270.jpg","width":370,"height":270,"mime-type":"image\/jpeg","filesize":13796,"source_url":"https:\/\/syriivizionit.org\/wp-content\/uploads\/2024\/05\/Inaugurohen-Qendra-e-Karrieres-dhe-Kabineti-i-Kuzhines-ne-shkollen-Kadri-Kusari3-370x270.jpg"},"risehand-image-570-570":{"file":"Inaugurohen-Qendra-e-Karrieres-dhe-Kabineti-i-Kuzhines-ne-shkollen-Kadri-Kusari3-570x400.jpg","width":570,"height":400,"mime-type":"image\/jpeg","filesize":26427,"source_url":"https:\/\/syriivizionit.org\/wp-content\/uploads\/2024\/05\/Inaugurohen-Qendra-e-Karrieres-dhe-Kabineti-i-Kuzhines-ne-shkollen-Kadri-Kusari3-570x400.jpg"},"risehand-image-370-320":{"file":"Inaugurohen-Qendra-e-Karrieres-dhe-Kabineti-i-Kuzhines-ne-shkollen-Kadri-Kusari3-370x320.jpg","width":370,"height":320,"mime-type":"image\/jpeg","filesize":17163,"source_url":"https:\/\/syriivizionit.org\/wp-content\/uploads\/2024\/05\/Inaugurohen-Qendra-e-Karrieres-dhe-Kabineti-i-Kuzhines-ne-shkollen-Kadri-Kusari3-370x320.jpg"},"risehand-image-500-500":{"file":"Inaugurohen-Qendra-e-Karrieres-dhe-Kabineti-i-Kuzhines-ne-shkollen-Kadri-Kusari3-500x400.jpg","width":500,"height":400,"mime-type":"image\/jpeg","filesize":26104,"source_url":"https:\/\/syriivizionit.org\/wp-content\/uploads\/2024\/05\/Inaugurohen-Qendra-e-Karrieres-dhe-Kabineti-i-Kuzhines-ne-shkollen-Kadri-Kusari3-500x400.jpg"},"risehand-image-100-100":{"file":"Inaugurohen-Qendra-e-Karrieres-dhe-Kabineti-i-Kuzhines-ne-shkollen-Kadri-Kusari3-100x100.jpg","width":100,"height":100,"mime-type":"image\/jpeg","filesize":3450,"source_url":"https:\/\/syriivizionit.org\/wp-content\/uploads\/2024\/05\/Inaugurohen-Qendra-e-Karrieres-dhe-Kabineti-i-Kuzhines-ne-shkollen-Kadri-Kusari3-100x100.jpg"}}},"alt_text":"","url":"","target":""}]]}},"_links":{"self":[{"href":"http:\/\/syriivizionit.org\/sr\/wp-json\/wp\/v2\/posts\/11567","targetHints":{"allow":["GET"]}}],"collection":[{"href":"http:\/\/syriivizionit.org\/sr\/wp-json\/wp\/v2\/posts"}],"about":[{"href":"http:\/\/syriivizionit.org\/sr\/wp-json\/wp\/v2\/types\/post"}],"author":[{"embeddable":true,"href":"http:\/\/syriivizionit.org\/sr\/wp-json\/wp\/v2\/users\/1"}],"replies":[{"embeddable":true,"href":"http:\/\/syriivizionit.org\/sr\/wp-json\/wp\/v2\/comments?post=11567"}],"version-history":[{"count":1,"href":"http:\/\/syriivizionit.org\/sr\/wp-json\/wp\/v2\/posts\/11567\/revisions"}],"predecessor-version":[{"id":11573,"href":"http:\/\/syriivizionit.org\/sr\/wp-json\/wp\/v2\/posts\/11567\/revisions\/11573"}],"wp:featuredmedia":[{"embeddable":true,"href":"http:\/\/syriivizionit.org\/sr\/wp-json\/wp\/v2\/media\/11572"}],"wp:attachment":[{"href":"http:\/\/syriivizionit.org\/sr\/wp-json\/wp\/v2\/media?parent=11567"}],"wp:term":[{"taxonomy":"category","embeddable":true,"href":"http:\/\/syriivizionit.org\/sr\/wp-json\/wp\/v2\/categories?post=11567"},{"taxonomy":"post_tag","embeddable":true,"href":"http:\/\/syriivizionit.org\/sr\/wp-json\/wp\/v2\/tags?post=11567"}],"curies":[{"name":"wp","href":"https:\/\/api.w.org\/{rel}","templated":true}]}}