{"id":15708,"date":"2014-10-20T09:36:59","date_gmt":"2014-10-20T07:36:59","guid":{"rendered":"https:\/\/syrivizionit.org\/?p=15708"},"modified":"2024-06-27T09:37:16","modified_gmt":"2024-06-27T07:37:16","slug":"the-children-meet-with-the-ombudsman","status":"publish","type":"post","link":"https:\/\/syriivizionit.org\/sq\/the-children-meet-with-the-ombudsman\/news\/","title":{"rendered":"F\u00ebmij\u00ebt takohen me Avokatin e Popullit"},"content":{"rendered":"<div dir=\"auto\">\n<p>E h\u00ebn\u00eb, 20 tetor- Nj\u00eb grup i f\u00ebmij\u00ebve nga komunat e ndryshme t\u00eb Kosov\u00ebs jan\u00eb takuar me Avokatin e Popullit z. Sami Kurteshi, dhe kan\u00eb k\u00ebrkuar nga ky institucion q\u00eb f\u00ebmij\u00ebt t\u00eb jen\u00eb pjes\u00eb e vendimmarrjes dhe q\u00eb z\u00ebri i tyre t\u00eb d\u00ebgjohet nga ana e institucioneve t\u00eb Kosov\u00ebs.<\/p>\n<p>Ky aktivitet \u00ebsht\u00eb zhvilluar n\u00eb kuad\u00ebr t\u00eb \u201cJav\u00ebs kund\u00ebr dhun\u00ebs ndaj f\u00ebmij\u00ebve\u201d q\u00eb organizohet si pjes\u00eb e projektit \u201cS\u00eb bashku p\u00ebr t\u00eb drejtat e f\u00ebmij\u00ebve\u201d, implementuar nga Syri i Vizionit n\u00eb partneritet me Save the Children n\u00eb disa komuna t\u00eb Kosov\u00ebs.<\/p>\n<\/div>\n<div dir=\"auto\">\n<p>________________<\/p>\n<\/div>","protected":false},"excerpt":{"rendered":"<p>Monday, October 20- A group of children from different municipalities of Kosovo met with the Ombudsman Mr. Sami Kurteshi, and have requested from this institution that children be part of [&hellip;]<\/p>","protected":false},"author":1,"featured_media":15709,"comment_status":"closed","ping_status":"closed","sticky":false,"template":"","format":"standard","meta":{"_acf_changed":false,"footnotes":""},"categories":[154],"tags":[],"class_list":["post-15708","post","type-post","status-publish","format-standard","has-post-thumbnail","hentry","category-news"],"acf":{"photo_gallery":{"gallery":[[]]}},"_links":{"self":[{"href":"https:\/\/syriivizionit.org\/sq\/wp-json\/wp\/v2\/posts\/15708","targetHints":{"allow":["GET"]}}],"collection":[{"href":"https:\/\/syriivizionit.org\/sq\/wp-json\/wp\/v2\/posts"}],"about":[{"href":"https:\/\/syriivizionit.org\/sq\/wp-json\/wp\/v2\/types\/post"}],"author":[{"embeddable":true,"href":"https:\/\/syriivizionit.org\/sq\/wp-json\/wp\/v2\/users\/1"}],"replies":[{"embeddable":true,"href":"https:\/\/syriivizionit.org\/sq\/wp-json\/wp\/v2\/comments?post=15708"}],"version-history":[{"count":1,"href":"https:\/\/syriivizionit.org\/sq\/wp-json\/wp\/v2\/posts\/15708\/revisions"}],"predecessor-version":[{"id":15710,"href":"https:\/\/syriivizionit.org\/sq\/wp-json\/wp\/v2\/posts\/15708\/revisions\/15710"}],"wp:featuredmedia":[{"embeddable":true,"href":"https:\/\/syriivizionit.org\/sq\/wp-json\/wp\/v2\/media\/15709"}],"wp:attachment":[{"href":"https:\/\/syriivizionit.org\/sq\/wp-json\/wp\/v2\/media?parent=15708"}],"wp:term":[{"taxonomy":"category","embeddable":true,"href":"https:\/\/syriivizionit.org\/sq\/wp-json\/wp\/v2\/categories?post=15708"},{"taxonomy":"post_tag","embeddable":true,"href":"https:\/\/syriivizionit.org\/sq\/wp-json\/wp\/v2\/tags?post=15708"}],"curies":[{"name":"wp","href":"https:\/\/api.w.org\/{rel}","templated":true}]}}