{"id":15975,"date":"2013-07-24T14:31:08","date_gmt":"2013-07-24T12:31:08","guid":{"rendered":"https:\/\/syrivizionit.org\/?p=15975"},"modified":"2024-06-27T14:32:39","modified_gmt":"2024-06-27T12:32:39","slug":"issues-of-professional-practice-in-the-hospitality-and-tourism-sector","status":"publish","type":"post","link":"https:\/\/syriivizionit.org\/sq\/issues-of-professional-practice-in-the-hospitality-and-tourism-sector\/news\/","title":{"rendered":"\u00c7\u00ebshtjet e praktik\u00ebs profesionale n\u00eb sektorin e hoteleris\u00eb dhe turizmit"},"content":{"rendered":"<p>Pej\u00eb, 23 korrik- Organizuar nga projekti \u201cMismatch\u201d t\u00eb mart\u00ebn n\u00eb  Pej\u00eb \u00ebsht\u00eb mbajtur takimi mbi \u00e7\u00ebshtjet e praktik\u00ebs profesionale n\u00eb sektorin e hoteleris\u00eb dhe turizmit n\u00eb Komun\u00ebn e Pej\u00ebs, realizuar nga OJQ \u201cSyri i Vizionit\u201d.<br \/>\nMe p\u00ebrfaq\u00ebsuesit nga shkolla ekonomike \u201cAli Hadri\u201d, zyrtar\u00ebt e arsimit, biznesi dhe p\u00ebrfaq\u00ebsues nga shoq\u00ebria civile \u00ebsht\u00eb diskutuar p\u00ebr koordinimin p\u00ebr p\u00ebrmir\u00ebsimin e praktik\u00ebs profesionale t\u00eb nx\u00ebn\u00ebsve n\u00eb drejtimet hotelieri turiz\u00ebm. N\u00eb k\u00ebt\u00eb takim u prezantua pakoja e dokumentacionit t\u00eb standardizuar p\u00ebr p\u00ebrcjelljen e praktik\u00ebs profesionale p\u00ebr nx\u00ebn\u00ebsit e shkollave profesionale n\u00eb biznese,  e p\u00ebrb\u00ebr\u00eb nga shtat\u00eb dokumente hartuar nga ekspert\u00ebt p\u00ebr raportet mes shkoll\u00ebs, biznesit dhe nx\u00ebn\u00ebsit n\u00eb praktik\u00ebn profesionale.<br \/>\nN\u00eb pjes\u00ebn tjet\u00ebr t\u00eb takimit \u00ebsht\u00eb diskutuar p\u00ebr mund\u00ebsit\u00eb e koordinimit mes shkollave dhe biznesit dhe jan\u00eb paraqitur idet\u00eb e aktiviteteve n\u00eb vazhdim t\u00eb projektit ku jan\u00eb propozuar mbajtjen e pun\u00ebtorive dhe vizita nga Shkolla Ekonomike p\u00ebr bizneset e Pej\u00ebs, hartimi i nj\u00eb udh\u00ebzuesi-doracaku p\u00ebr praktik\u00ebn profesionale, nj\u00eb hulumtim mbi gjendjen e bizneseve t\u00eb hoteleris\u00eb dhe turizmit n\u00eb komun\u00ebn e Pej\u00ebs, nevojat dhe kapacitet e tyre me rekomandime p\u00ebr nevojat e SHME, etj.<\/p>","protected":false},"excerpt":{"rendered":"<p>Pej\u00eb, July 23- Organized by the &#8220;Mismatch&#8221; project, a meeting was held on Tuesday in Pej\u00eb on issues of professional practice in the hotel and tourism sector in the Municipality [&hellip;]<\/p>","protected":false},"author":2,"featured_media":15993,"comment_status":"closed","ping_status":"closed","sticky":false,"template":"","format":"standard","meta":{"_acf_changed":false,"footnotes":""},"categories":[154],"tags":[],"class_list":["post-15975","post","type-post","status-publish","format-standard","has-post-thumbnail","hentry","category-news"],"acf":{"photo_gallery":{"gallery":[[]]}},"_links":{"self":[{"href":"https:\/\/syriivizionit.org\/sq\/wp-json\/wp\/v2\/posts\/15975","targetHints":{"allow":["GET"]}}],"collection":[{"href":"https:\/\/syriivizionit.org\/sq\/wp-json\/wp\/v2\/posts"}],"about":[{"href":"https:\/\/syriivizionit.org\/sq\/wp-json\/wp\/v2\/types\/post"}],"author":[{"embeddable":true,"href":"https:\/\/syriivizionit.org\/sq\/wp-json\/wp\/v2\/users\/2"}],"replies":[{"embeddable":true,"href":"https:\/\/syriivizionit.org\/sq\/wp-json\/wp\/v2\/comments?post=15975"}],"version-history":[{"count":1,"href":"https:\/\/syriivizionit.org\/sq\/wp-json\/wp\/v2\/posts\/15975\/revisions"}],"predecessor-version":[{"id":15992,"href":"https:\/\/syriivizionit.org\/sq\/wp-json\/wp\/v2\/posts\/15975\/revisions\/15992"}],"wp:featuredmedia":[{"embeddable":true,"href":"https:\/\/syriivizionit.org\/sq\/wp-json\/wp\/v2\/media\/15993"}],"wp:attachment":[{"href":"https:\/\/syriivizionit.org\/sq\/wp-json\/wp\/v2\/media?parent=15975"}],"wp:term":[{"taxonomy":"category","embeddable":true,"href":"https:\/\/syriivizionit.org\/sq\/wp-json\/wp\/v2\/categories?post=15975"},{"taxonomy":"post_tag","embeddable":true,"href":"https:\/\/syriivizionit.org\/sq\/wp-json\/wp\/v2\/tags?post=15975"}],"curies":[{"name":"wp","href":"https:\/\/api.w.org\/{rel}","templated":true}]}}