{"id":16221,"date":"2011-09-27T10:25:23","date_gmt":"2011-09-27T08:25:23","guid":{"rendered":"https:\/\/syrivizionit.org\/?p=16221"},"modified":"2024-06-28T10:25:58","modified_gmt":"2024-06-28T08:25:58","slug":"every-day-is-a-day-of-peace","status":"publish","type":"post","link":"https:\/\/syriivizionit.org\/sq\/every-day-is-a-day-of-peace\/news\/","title":{"rendered":"\u00c7do dit\u00eb, \u00ebsht\u00eb dit\u00eb e paqes"},"content":{"rendered":"<p>Pej\u00eb- 27 shtator- Me moton \u201c\u00c7do dit\u00eb \u00ebsht\u00eb dit\u00eb e paqes\u201d sot n\u00eb qytetin e Pej\u00ebs \u00ebsht\u00eb organizuar nj\u00eb aktivitet me nx\u00ebn\u00ebsit e shkoll\u00ebs Fillore \u201cXhemal Kada\u201d. P\u00ebrmes vizatimeve k\u00ebta nx\u00ebn\u00ebs kan\u00eb shprehur vizionin e tyre p\u00ebr paqen, \u00e7ka do t\u00eb thot\u00eb paqja p\u00ebr ta dhe si simbolizohet ajo; k\u00ebt\u00eb gj\u00eb m\u00eb s\u00eb miri mund ata e kan\u00eb shprehur p\u00ebrmes vizatimeve t\u00eb shumta q\u00eb kan\u00eb realizuar n\u00eb qend\u00ebr t\u00eb qytetit.<\/p>\n<p>Ky manifestim \u00ebsht\u00eb organizuar nga organizata Care Internacional dhe ProPeace n\u00eb bashk\u00ebpunim me organizat\u00ebn Grupi kosovar p\u00ebr parandalim t\u00eb konfliktit dhe n\u00eb partneritet me organizat\u00ebn lokale OJQ Syri i Vizionit nga Peja q\u00eb \u00ebsht\u00eb an\u00ebtare e rrjetit Pro Peace, i cili tani e dy vite \u00ebsht\u00eb duke implementuar projektin p\u00ebr parandalim n\u00eb konfliktit n\u00eb Kosov\u00eb me mb\u00ebshtetje nga Komisioni Evropian.<\/p>\n<p>Q\u00ebllimi i k\u00ebsaj aktiviteti ka qen\u00eb t\u2019u tregohet t\u00eb gjith\u00ebve q\u00eb jetojn\u00eb n\u00eb Kosov\u00eb dhe kudo tjet\u00ebr se jo vet\u00ebm nj\u00eb dit\u00eb \u00ebsht\u00eb dit\u00eb q\u00eb duhet kushtuar paqes, por \u00e7do dit\u00eb \u00ebsht\u00eb dit\u00eb paqe. Vizatimet e realizuar nga nx\u00ebn\u00ebsit e shkoll\u00ebs fillore \u201cXhemail Kada\u201d n\u00eb Pej\u00eb, do t\u2019i d\u00ebrgohen Komisionit Evropian, \u00ebsht\u00eb edhe mb\u00ebshtet\u00ebs i k\u00ebtij aktiviteti.<\/p>","protected":false},"excerpt":{"rendered":"<p>Peja- September 27- With the motto &#8220;Every day is a day of peace&#8221; today in the city of Peja an activity was organized with the students of the Primary School [&hellip;]<\/p>","protected":false},"author":2,"featured_media":16234,"comment_status":"closed","ping_status":"closed","sticky":false,"template":"","format":"standard","meta":{"_acf_changed":false,"footnotes":""},"categories":[154],"tags":[],"class_list":["post-16221","post","type-post","status-publish","format-standard","has-post-thumbnail","hentry","category-news"],"acf":{"photo_gallery":{"gallery":[[]]}},"_links":{"self":[{"href":"https:\/\/syriivizionit.org\/sq\/wp-json\/wp\/v2\/posts\/16221","targetHints":{"allow":["GET"]}}],"collection":[{"href":"https:\/\/syriivizionit.org\/sq\/wp-json\/wp\/v2\/posts"}],"about":[{"href":"https:\/\/syriivizionit.org\/sq\/wp-json\/wp\/v2\/types\/post"}],"author":[{"embeddable":true,"href":"https:\/\/syriivizionit.org\/sq\/wp-json\/wp\/v2\/users\/2"}],"replies":[{"embeddable":true,"href":"https:\/\/syriivizionit.org\/sq\/wp-json\/wp\/v2\/comments?post=16221"}],"version-history":[{"count":1,"href":"https:\/\/syriivizionit.org\/sq\/wp-json\/wp\/v2\/posts\/16221\/revisions"}],"predecessor-version":[{"id":16233,"href":"https:\/\/syriivizionit.org\/sq\/wp-json\/wp\/v2\/posts\/16221\/revisions\/16233"}],"wp:featuredmedia":[{"embeddable":true,"href":"https:\/\/syriivizionit.org\/sq\/wp-json\/wp\/v2\/media\/16234"}],"wp:attachment":[{"href":"https:\/\/syriivizionit.org\/sq\/wp-json\/wp\/v2\/media?parent=16221"}],"wp:term":[{"taxonomy":"category","embeddable":true,"href":"https:\/\/syriivizionit.org\/sq\/wp-json\/wp\/v2\/categories?post=16221"},{"taxonomy":"post_tag","embeddable":true,"href":"https:\/\/syriivizionit.org\/sq\/wp-json\/wp\/v2\/tags?post=16221"}],"curies":[{"name":"wp","href":"https:\/\/api.w.org\/{rel}","templated":true}]}}